{"id":1964,"date":"2013-08-19T11:12:33","date_gmt":"2013-08-19T11:12:33","guid":{"rendered":"http:\/\/www.nemus.pt\/?p=1964"},"modified":"2022-07-27T06:39:46","modified_gmt":"2022-07-27T06:39:46","slug":"plano-de-gestao-da-regiao-hidrografica-do-arquipelago-da-madeira-em-consulta-publica","status":"publish","type":"post","link":"https:\/\/www.nemus.pt\/pt\/plano-de-gestao-da-regiao-hidrografica-do-arquipelago-da-madeira-em-consulta-publica\/","title":{"rendered":"Plano de Gest\u00e3o da Regi\u00e3o Hidrogr\u00e1fica do Arquip\u00e9lago da Madeira em consulta p\u00fablica"},"content":{"rendered":"<p>O Cons\u00f3rcio liderado pela\u00a0NEMUS\u00a0terminou recentemente a elabora\u00e7\u00e3o do Plano de Gest\u00e3o da Regi\u00e3o Hidrogr\u00e1fica do Arquip\u00e9lago da Madeira (PGRH10).<\/p>\n<p>Os documentos est\u00e3o agora em Consulta P\u00fablica, etapa da maior relev\u00e2ncia para a consolida\u00e7\u00e3o do Plano.<\/p>\n<p>A consulta p\u00fablica decorrer\u00e1 pelo per\u00edodo de 6 meses a contar da data da publica\u00e7\u00e3o do Aviso n.\u00ba 9\/2013\/M no Di\u00e1rio da Rep\u00fablica (19 de Agosto de 2013 \u2013 19 de Fevereiro de 2014).<\/p>\n<p>Os\u00a0PGRH\u00a0s\u00e3o instrumentos de planeamento das \u00e1guas que visam a gest\u00e3o, protec\u00e7\u00e3o e valoriza\u00e7\u00e3o ambiental e socioecon\u00f3mica dos recursos h\u00eddricos.<\/p>","protected":false},"excerpt":{"rendered":"<p>O Cons\u00f3rcio liderado pela\u00a0NEMUS\u00a0terminou recentemente a elabora\u00e7\u00e3o do Plano de Gest\u00e3o da Regi\u00e3o Hidrogr\u00e1fica do Arquip\u00e9lago da Madeira (PGRH10). Os documentos est\u00e3o agora em Consulta P\u00fablica, etapa da maior relev\u00e2ncia para a consolida\u00e7\u00e3o do Plano. A consulta p\u00fablica decorrer\u00e1 pelo &#8230;<\/p>\n","protected":false},"author":3,"featured_media":2299,"comment_status":"closed","ping_status":"open","sticky":false,"template":"","format":"standard","meta":{"_acf_changed":false,"footnotes":""},"categories":[26],"tags":[],"class_list":["post-1964","post","type-post","status-publish","format-standard","has-post-thumbnail","hentry","category-noticia"],"acf":[],"_links":{"self":[{"href":"https:\/\/www.nemus.pt\/pt\/wp-json\/wp\/v2\/posts\/1964","targetHints":{"allow":["GET"]}}],"collection":[{"href":"https:\/\/www.nemus.pt\/pt\/wp-json\/wp\/v2\/posts"}],"about":[{"href":"https:\/\/www.nemus.pt\/pt\/wp-json\/wp\/v2\/types\/post"}],"author":[{"embeddable":true,"href":"https:\/\/www.nemus.pt\/pt\/wp-json\/wp\/v2\/users\/3"}],"replies":[{"embeddable":true,"href":"https:\/\/www.nemus.pt\/pt\/wp-json\/wp\/v2\/comments?post=1964"}],"version-history":[{"count":0,"href":"https:\/\/www.nemus.pt\/pt\/wp-json\/wp\/v2\/posts\/1964\/revisions"}],"wp:featuredmedia":[{"embeddable":true,"href":"https:\/\/www.nemus.pt\/pt\/wp-json\/wp\/v2\/media\/2299"}],"wp:attachment":[{"href":"https:\/\/www.nemus.pt\/pt\/wp-json\/wp\/v2\/media?parent=1964"}],"wp:term":[{"taxonomy":"category","embeddable":true,"href":"https:\/\/www.nemus.pt\/pt\/wp-json\/wp\/v2\/categories?post=1964"},{"taxonomy":"post_tag","embeddable":true,"href":"https:\/\/www.nemus.pt\/pt\/wp-json\/wp\/v2\/tags?post=1964"}],"curies":[{"name":"wp","href":"https:\/\/api.w.org\/{rel}","templated":true}]}}