{"id":1967,"date":"2013-05-31T11:01:37","date_gmt":"2013-05-31T11:01:37","guid":{"rendered":"http:\/\/www.nemus.pt\/?p=1967"},"modified":"2022-07-27T06:39:46","modified_gmt":"2022-07-27T06:39:46","slug":"nemus-presente-na-organizacao-do-vii-congresso-sobre-planeamento-e-gestao-de-zonas-costeiras-dos-paises-de-expressao-portuguesa-e-na-coordenacao-do-ii-curso-intensivo-de-gestao-costeira","status":"publish","type":"post","link":"https:\/\/www.nemus.pt\/pt\/nemus-presente-na-organizacao-do-vii-congresso-sobre-planeamento-e-gestao-de-zonas-costeiras-dos-paises-de-expressao-portuguesa-e-na-coordenacao-do-ii-curso-intensivo-de-gestao-costeira\/","title":{"rendered":"NEMUS presente na organiza\u00e7\u00e3o do VII Congresso sobre Planeamento e Gest\u00e3o de Zonas Costeiras dos Pa\u00edses de Express\u00e3o Portuguesa e na coordena\u00e7\u00e3o do II Curso Intensivo de Gest\u00e3o Costeira"},"content":{"rendered":"<p>Pedro Bettencourt, Director Geral da\u00a0NEMUS, presidiu (em nome da Associa\u00e7\u00e3o Portuguesa de Recursos H\u00eddricos) \u00e0 Comiss\u00e3o Organizadora Internacional de mais uma edi\u00e7\u00e3o do Congresso sobre Planeamento e Gest\u00e3o das Zonas Costeiras dos Pa\u00edses de Express\u00e3o Portuguesa, que desta feita teve lugar em Maputo (Mo\u00e7ambique), de 27 e 30 de Maio de 2013.<\/p>\n<p>A 7.\u00aa edi\u00e7\u00e3o do congresso, subordinada ao tema \u201cUma nova Gera\u00e7\u00e3o de Planos de Ordenamento da Orla Costeira\u201d, ocorreu em simult\u00e2neo com o 11.\u00ba Simp\u00f3sio de Hidr\u00e1ulica e Recursos H\u00eddricos dos Pa\u00edses de L\u00edngua Portuguesa e foi palco da apresenta\u00e7\u00e3o de um vasto conjunto de comunica\u00e7\u00f5es de elevada qualidade t\u00e9cnica e cient\u00edfica nos mais variados dom\u00ednios de actua\u00e7\u00e3o, destacando-se as prioridades de ac\u00e7\u00e3o nos dom\u00ednios da \u00e1gua e das zonas costeiras; a governan\u00e7a, planeamento e ordenamento das zonas costeiras; a engenharia e protec\u00e7\u00e3o costeira \/ modela\u00e7\u00e3o das zonas costeiras; as altera\u00e7\u00f5es clim\u00e1ticas; e a avalia\u00e7\u00e3o e gest\u00e3o do risco \/ biodiversidade nas zonas costeiras.<\/p>\n<p>Na abertura dos trabalhos do congresso esteve presente o Dr. Alberto Vaquina, Primeiro-Ministro de Mo\u00e7ambique, em representa\u00e7\u00e3o de Sua Excel\u00eancia o Presidente da Rep\u00fablica de Mo\u00e7ambique.<\/p>\n<p>O congresso foi antecedido (24 e 25 de Maio), pelo \u201cII Curso Intensivo de Gest\u00e3o Costeira: Planeamento e Ordenamento das Faixas Costeiras\u201d, cuja coordena\u00e7\u00e3o contou tamb\u00e9m com Pedro Bettencourt, S\u00f3nia Alcobia e Carlos C\u00e9sar Jesus, da\u00a0NEMUS. O curso foi suportado por um corpo t\u00e9cnico, cient\u00edfico e profissional de reconhecido m\u00e9rito nos dom\u00ednios abordados (evolu\u00e7\u00e3o das faixas costeiras mundiais nos \u00faltimos 20.000 anos; avalia\u00e7\u00e3o ambiental estrat\u00e9gica; biodiversidade nas zonas costeiras; planeamento e ordenamento sustent\u00e1vel da orla costeira).<\/p>\n<p>Para al\u00e9m da participa\u00e7\u00e3o na organiza\u00e7\u00e3o do Congresso e na coordena\u00e7\u00e3o do Curso, a\u00a0NEMUSapresentou v\u00e1rias comunica\u00e7\u00f5es (no Congresso e no Simp\u00f3sio) e palestras (no Curso) e marcou presen\u00e7a num dos stands da exposi\u00e7\u00e3o, dedicada aos principais agentes do sector.<\/p>","protected":false},"excerpt":{"rendered":"<p>Pedro Bettencourt, Director Geral da\u00a0NEMUS, presidiu (em nome da Associa\u00e7\u00e3o Portuguesa de Recursos H\u00eddricos) \u00e0 Comiss\u00e3o Organizadora Internacional de mais uma edi\u00e7\u00e3o do Congresso sobre Planeamento e Gest\u00e3o das Zonas Costeiras dos Pa\u00edses de Express\u00e3o Portuguesa, que desta feita teve &#8230;<\/p>\n","protected":false},"author":3,"featured_media":2327,"comment_status":"closed","ping_status":"open","sticky":false,"template":"","format":"standard","meta":{"_acf_changed":false,"footnotes":""},"categories":[26],"tags":[],"class_list":["post-1967","post","type-post","status-publish","format-standard","has-post-thumbnail","hentry","category-noticia"],"acf":[],"_links":{"self":[{"href":"https:\/\/www.nemus.pt\/pt\/wp-json\/wp\/v2\/posts\/1967","targetHints":{"allow":["GET"]}}],"collection":[{"href":"https:\/\/www.nemus.pt\/pt\/wp-json\/wp\/v2\/posts"}],"about":[{"href":"https:\/\/www.nemus.pt\/pt\/wp-json\/wp\/v2\/types\/post"}],"author":[{"embeddable":true,"href":"https:\/\/www.nemus.pt\/pt\/wp-json\/wp\/v2\/users\/3"}],"replies":[{"embeddable":true,"href":"https:\/\/www.nemus.pt\/pt\/wp-json\/wp\/v2\/comments?post=1967"}],"version-history":[{"count":0,"href":"https:\/\/www.nemus.pt\/pt\/wp-json\/wp\/v2\/posts\/1967\/revisions"}],"wp:featuredmedia":[{"embeddable":true,"href":"https:\/\/www.nemus.pt\/pt\/wp-json\/wp\/v2\/media\/2327"}],"wp:attachment":[{"href":"https:\/\/www.nemus.pt\/pt\/wp-json\/wp\/v2\/media?parent=1967"}],"wp:term":[{"taxonomy":"category","embeddable":true,"href":"https:\/\/www.nemus.pt\/pt\/wp-json\/wp\/v2\/categories?post=1967"},{"taxonomy":"post_tag","embeddable":true,"href":"https:\/\/www.nemus.pt\/pt\/wp-json\/wp\/v2\/tags?post=1967"}],"curies":[{"name":"wp","href":"https:\/\/api.w.org\/{rel}","templated":true}]}}