{"id":1968,"date":"2013-05-13T11:33:39","date_gmt":"2013-05-13T11:33:39","guid":{"rendered":"http:\/\/www.nemus.pt\/?p=1968"},"modified":"2022-07-27T06:39:46","modified_gmt":"2022-07-27T06:39:46","slug":"consorcio-nemushidromod-ganha-concurso-para-a-elaboracao-do-plano-de-gestao-da-regiao-hidrografica-do-arquipelago-da-madeira","status":"publish","type":"post","link":"https:\/\/www.nemus.pt\/pt\/consorcio-nemushidromod-ganha-concurso-para-a-elaboracao-do-plano-de-gestao-da-regiao-hidrografica-do-arquipelago-da-madeira\/","title":{"rendered":"Cons\u00f3rcio NEMUS\/HIDROMOD ganha concurso para a elabora\u00e7\u00e3o do Plano de Gest\u00e3o da Regi\u00e3o Hidrogr\u00e1fica do Arquip\u00e9lago da Madeira"},"content":{"rendered":"<p>O Cons\u00f3rcio\u00a0NEMUS\/HIDROMOD ganhou o concurso p\u00fablico para a elabora\u00e7\u00e3o do Plano de Gest\u00e3o da Regi\u00e3o Hidrogr\u00e1fica (PGRH) do Arquip\u00e9lago da Madeira (RH10), lan\u00e7ado pela Secretaria Regional do Ambiente e dos Recursos Naturais da Regi\u00e3o Aut\u00f3noma da Madeira em Fevereiro de 2013. O trabalho inclui o\u00a0PGRH, a respectiva Avalia\u00e7\u00e3o Ambiental Estrat\u00e9gica e Participa\u00e7\u00e3o P\u00fablica.<\/p>\n<p>Os\u00a0PGRH\u00a0s\u00e3o instrumentos de planeamento sectorial, ao abrigo da Directiva Quadro da \u00c1gua (Directiva 2000\/60\/CE), que visam a gest\u00e3o, a protec\u00e7\u00e3o e a valoriza\u00e7\u00e3o ambiental, social e econ\u00f3mica das \u00e1guas ao n\u00edvel de cada regi\u00e3o hidrogr\u00e1fica. A\u00a0NEMUS\u00a0tem j\u00e1 uma experi\u00eancia relevante neste tipo de trabalhos, tendo liderado o cons\u00f3rcio que realizou, com reconhecido sucesso, os primeiros planos de gest\u00e3o de bacias hidrogr\u00e1ficas de Portugal: os\u00a0PGRH\u00a0do Sado e Mira e do Guadiana (Alentejo). Posteriormente aNEMUS\u00a0liderou tamb\u00e9m o cons\u00f3rcio que realizou, com reconhecida qualidade e no prazo previsto, oPGRH\u00a0das Ribeiras do Algarve.<\/p>\n<p>O\u00a0PGRH\u00a0da Madeira representa um novo desafio para a\u00a0NEMUS, uma vez que ter\u00e1 de concluir o relat\u00f3rio em apenas dois meses e meio \u2013 menos de 1\/3 do prazo dispon\u00edvel para os anterioresPGRH\u00a0\u2013, acreditando-se que muito trabalho j\u00e1 estar\u00e1 feito e que o papel do Cons\u00f3rcio ser\u00e1 mais o de colmatar algumas lacunas e tentar arrumar o melhor poss\u00edvel a informa\u00e7\u00e3o que j\u00e1 foi produzida.<\/p>","protected":false},"excerpt":{"rendered":"<p>O Cons\u00f3rcio\u00a0NEMUS\/HIDROMOD ganhou o concurso p\u00fablico para a elabora\u00e7\u00e3o do Plano de Gest\u00e3o da Regi\u00e3o Hidrogr\u00e1fica (PGRH) do Arquip\u00e9lago da Madeira (RH10), lan\u00e7ado pela Secretaria Regional do Ambiente e dos Recursos Naturais da Regi\u00e3o Aut\u00f3noma da Madeira em Fevereiro de &#8230;<\/p>\n","protected":false},"author":3,"featured_media":2299,"comment_status":"closed","ping_status":"open","sticky":false,"template":"","format":"standard","meta":{"_acf_changed":false,"footnotes":""},"categories":[26],"tags":[],"class_list":["post-1968","post","type-post","status-publish","format-standard","has-post-thumbnail","hentry","category-noticia"],"acf":[],"_links":{"self":[{"href":"https:\/\/www.nemus.pt\/pt\/wp-json\/wp\/v2\/posts\/1968","targetHints":{"allow":["GET"]}}],"collection":[{"href":"https:\/\/www.nemus.pt\/pt\/wp-json\/wp\/v2\/posts"}],"about":[{"href":"https:\/\/www.nemus.pt\/pt\/wp-json\/wp\/v2\/types\/post"}],"author":[{"embeddable":true,"href":"https:\/\/www.nemus.pt\/pt\/wp-json\/wp\/v2\/users\/3"}],"replies":[{"embeddable":true,"href":"https:\/\/www.nemus.pt\/pt\/wp-json\/wp\/v2\/comments?post=1968"}],"version-history":[{"count":0,"href":"https:\/\/www.nemus.pt\/pt\/wp-json\/wp\/v2\/posts\/1968\/revisions"}],"wp:featuredmedia":[{"embeddable":true,"href":"https:\/\/www.nemus.pt\/pt\/wp-json\/wp\/v2\/media\/2299"}],"wp:attachment":[{"href":"https:\/\/www.nemus.pt\/pt\/wp-json\/wp\/v2\/media?parent=1968"}],"wp:term":[{"taxonomy":"category","embeddable":true,"href":"https:\/\/www.nemus.pt\/pt\/wp-json\/wp\/v2\/categories?post=1968"},{"taxonomy":"post_tag","embeddable":true,"href":"https:\/\/www.nemus.pt\/pt\/wp-json\/wp\/v2\/tags?post=1968"}],"curies":[{"name":"wp","href":"https:\/\/api.w.org\/{rel}","templated":true}]}}