{"id":1979,"date":"2011-04-08T11:00:31","date_gmt":"2011-04-08T11:00:31","guid":{"rendered":"http:\/\/www.nemus.pt\/?p=1979"},"modified":"2022-07-27T06:40:00","modified_gmt":"2022-07-27T06:40:00","slug":"nemus-presente-na-organizacao-do-vi-congresso-sobre-planeamento-e-gestao-das-zonas-costeiras-dos-paises-de-expressao-portuguesa","status":"publish","type":"post","link":"https:\/\/www.nemus.pt\/pt\/nemus-presente-na-organizacao-do-vi-congresso-sobre-planeamento-e-gestao-das-zonas-costeiras-dos-paises-de-expressao-portuguesa\/","title":{"rendered":"NEMUS presente na organiza\u00e7\u00e3o do VI Congresso sobre Planeamento e Gest\u00e3o das Zonas Costeiras dos Pa\u00edses de Express\u00e3o Portuguesa"},"content":{"rendered":"<p>Pedro Bettencourt, Director Geral da\u00a0NEMUS, presidiu \u00e0 Comiss\u00e3o Organizadora Internacional do VI Congresso sobre Planeamento e Gest\u00e3o das Zonas Costeiras dos Pa\u00edses de Express\u00e3o Portuguesa, que decorreu entre 6 e 8 de Abril de 2011 na Ilha da Boa Vista (Cabo Verde).<\/p>\n<p>Esta edi\u00e7\u00e3o do congresso, subordinada ao tema \u201cAs Zonas Costeiras em Risco\u201d, contou com cerca de 180 participantes e foi palco da apresenta\u00e7\u00e3o de um vasto conjunto de comunica\u00e7\u00f5es de elevada qualidade t\u00e9cnica e cient\u00edfica nos mais variados dom\u00ednios de actua\u00e7\u00e3o, destacando-se o planeamento, ordenamento, gest\u00e3o, avalia\u00e7\u00e3o de impacte ambiental, vulnerabilidade e riscos, biodiversidade e altera\u00e7\u00f5es clim\u00e1ticas e engenharia e protec\u00e7\u00e3o costeiras.<\/p>\n<p>Na abertura dos trabalhos do congresso estiveram presentes o Sr. Secret\u00e1rio de Estado dos Recursos Marinhos de Cabo Verde e a Sr.\u00aa Vereadora da Educa\u00e7\u00e3o da C\u00e2mara Municipal da Boa Vista, que abordaram os grandes desafios da zona costeira do pa\u00eds anfitri\u00e3o. De Portugal destaca-se a participa\u00e7\u00e3o (activa), pela primeira vez neste congresso, de dois Presidentes de C\u00e2maras Municipais (Peniche e Torres Vedras).<\/p>\n<p>O congresso foi antecedido (4 e 5 de Abril), pelo I Curso Intensivo de Gest\u00e3o Costeira \u2013 An\u00e1lise de Risco, cuja coordena\u00e7\u00e3o contou com Pedro Bettencourt e S\u00f3nia Alcobia, da\u00a0NEMUS. O curso foi suportado por um corpo t\u00e9cnico, cient\u00edfico e profissional de reconhecido m\u00e9rito nos dom\u00ednios abordados (risco nos litorais arenosos e rochosos, impacte ambiental, polui\u00e7\u00e3o e altera\u00e7\u00f5es clim\u00e1ticas) e terminou com uma visita t\u00e9cnica pela Ilha da Boa Vista.<\/p>\n<p>O balan\u00e7o destes eventos foi francamente positivo e evidenciou que, embora os pa\u00edses de express\u00e3o portuguesa possuam realidades paisag\u00edsticas, ecol\u00f3gicas, socioecon\u00f3micas e culturais t\u00e3o diversas, os principais problemas na zona costeira s\u00e3o, em grande parte, muito similares, sendo essencial a aposta numa pol\u00edtica de gest\u00e3o integrada.<\/p>","protected":false},"excerpt":{"rendered":"<p>Pedro Bettencourt, Director Geral da\u00a0NEMUS, presidiu \u00e0 Comiss\u00e3o Organizadora Internacional do VI Congresso sobre Planeamento e Gest\u00e3o das Zonas Costeiras dos Pa\u00edses de Express\u00e3o Portuguesa, que decorreu entre 6 e 8 de Abril de 2011 na Ilha da Boa Vista &#8230;<\/p>\n","protected":false},"author":3,"featured_media":2349,"comment_status":"closed","ping_status":"open","sticky":false,"template":"","format":"standard","meta":{"_acf_changed":false,"footnotes":""},"categories":[26],"tags":[],"class_list":["post-1979","post","type-post","status-publish","format-standard","has-post-thumbnail","hentry","category-noticia"],"acf":[],"_links":{"self":[{"href":"https:\/\/www.nemus.pt\/pt\/wp-json\/wp\/v2\/posts\/1979","targetHints":{"allow":["GET"]}}],"collection":[{"href":"https:\/\/www.nemus.pt\/pt\/wp-json\/wp\/v2\/posts"}],"about":[{"href":"https:\/\/www.nemus.pt\/pt\/wp-json\/wp\/v2\/types\/post"}],"author":[{"embeddable":true,"href":"https:\/\/www.nemus.pt\/pt\/wp-json\/wp\/v2\/users\/3"}],"replies":[{"embeddable":true,"href":"https:\/\/www.nemus.pt\/pt\/wp-json\/wp\/v2\/comments?post=1979"}],"version-history":[{"count":0,"href":"https:\/\/www.nemus.pt\/pt\/wp-json\/wp\/v2\/posts\/1979\/revisions"}],"wp:featuredmedia":[{"embeddable":true,"href":"https:\/\/www.nemus.pt\/pt\/wp-json\/wp\/v2\/media\/2349"}],"wp:attachment":[{"href":"https:\/\/www.nemus.pt\/pt\/wp-json\/wp\/v2\/media?parent=1979"}],"wp:term":[{"taxonomy":"category","embeddable":true,"href":"https:\/\/www.nemus.pt\/pt\/wp-json\/wp\/v2\/categories?post=1979"},{"taxonomy":"post_tag","embeddable":true,"href":"https:\/\/www.nemus.pt\/pt\/wp-json\/wp\/v2\/tags?post=1979"}],"curies":[{"name":"wp","href":"https:\/\/api.w.org\/{rel}","templated":true}]}}