{"id":1981,"date":"2011-02-26T14:04:40","date_gmt":"2011-02-26T14:04:40","guid":{"rendered":"http:\/\/www.nemus.pt\/?p=1981"},"modified":"2022-07-27T06:40:00","modified_gmt":"2022-07-27T06:40:00","slug":"premio-nacional-de-arquitectura-paisagista-premeia-tecnicos-da-nemus","status":"publish","type":"post","link":"https:\/\/www.nemus.pt\/pt\/premio-nacional-de-arquitectura-paisagista-premeia-tecnicos-da-nemus\/","title":{"rendered":"Pr\u00e9mio Nacional de Arquitectura Paisagista premeia t\u00e9cnicos da NEMUS"},"content":{"rendered":"<p>A equipa da\u00a0NEMUS\u00a0constitu\u00edda pelo Director Geral Dr. Pedro Bettencourt e seis colaboradores (Elisabete Teixeira, S\u00f3nia Alcobia, Emanuel Vi\u00e7oso, Sara Nisa, Margarida Monteiro, Rui Mendes) venceu, conjuntamente com a equipa do atelier de Arquitectos Paisagistas\u00a0ARPAS\u00a0e com o Eng. Francisco Salpico, o\u00a0<strong>1\u00ba Pr\u00e9mio Nacional de Arquitectura Paisagista 7\u00aa edi\u00e7\u00e3o 2011 \u2013 Categoria de Obra, Sub Categoria Integra\u00e7\u00e3o de Infra-estruturas<\/strong>\u00a0pelo Projecto de Execu\u00e7\u00e3o para a Recupera\u00e7\u00e3o Ambiental das Margens da Lagoa de \u00d3bidos e da Concha de S. Martinho do Porto, que foi atribu\u00eddo ao Cons\u00f3rcioCONSULMAR\u00a0\/\u00a0NEMUS.<\/p>\n<p>O Pr\u00e9mio Nacional de Arquitectura Paisagista que consagra, anualmente, o talento e excel\u00eancia de obras e projectos de Arquitectura Paisagista de autores portugueses, realizados em territ\u00f3rio nacional e internacional, nos \u00faltimos cinco anos, foi atribu\u00eddo numa cerim\u00f3nia integrada na 7\u00aa UrbaVerde \u2013 Feira das Cidades Sustent\u00e1veis, que decorreu entre os dias 23 e 25 de Fevereiro, no Centro de Congressos do Estoril.<br \/>\nO Projecto de Execu\u00e7\u00e3o galardoado com o pr\u00e9mio m\u00e1ximo na sua categoria teve como objectivo a implementa\u00e7\u00e3o de um conjunto de Projectos operacionais para a recupera\u00e7\u00e3o biof\u00edsica e paisag\u00edstica das Margens da Lagoa de \u00d3bidos e da Concha de S. Martinho do Porto. As obras efectuadas deram um importante contributo para a valoriza\u00e7\u00e3o das margens destes sistemas costeiros, equilibrando usos e invertendo as tend\u00eancias de degrada\u00e7\u00e3o ambiental de ent\u00e3o.<\/p>","protected":false},"excerpt":{"rendered":"<p>A equipa da\u00a0NEMUS\u00a0constitu\u00edda pelo Director Geral Dr. Pedro Bettencourt e seis colaboradores (Elisabete Teixeira, S\u00f3nia Alcobia, Emanuel Vi\u00e7oso, Sara Nisa, Margarida Monteiro, Rui Mendes) venceu, conjuntamente com a equipa do atelier de Arquitectos Paisagistas\u00a0ARPAS\u00a0e com o Eng. Francisco Salpico, o\u00a01\u00ba &#8230;<\/p>\n","protected":false},"author":3,"featured_media":2349,"comment_status":"closed","ping_status":"open","sticky":false,"template":"","format":"standard","meta":{"_acf_changed":false,"footnotes":""},"categories":[26],"tags":[],"class_list":["post-1981","post","type-post","status-publish","format-standard","has-post-thumbnail","hentry","category-noticia"],"acf":[],"_links":{"self":[{"href":"https:\/\/www.nemus.pt\/pt\/wp-json\/wp\/v2\/posts\/1981","targetHints":{"allow":["GET"]}}],"collection":[{"href":"https:\/\/www.nemus.pt\/pt\/wp-json\/wp\/v2\/posts"}],"about":[{"href":"https:\/\/www.nemus.pt\/pt\/wp-json\/wp\/v2\/types\/post"}],"author":[{"embeddable":true,"href":"https:\/\/www.nemus.pt\/pt\/wp-json\/wp\/v2\/users\/3"}],"replies":[{"embeddable":true,"href":"https:\/\/www.nemus.pt\/pt\/wp-json\/wp\/v2\/comments?post=1981"}],"version-history":[{"count":0,"href":"https:\/\/www.nemus.pt\/pt\/wp-json\/wp\/v2\/posts\/1981\/revisions"}],"wp:featuredmedia":[{"embeddable":true,"href":"https:\/\/www.nemus.pt\/pt\/wp-json\/wp\/v2\/media\/2349"}],"wp:attachment":[{"href":"https:\/\/www.nemus.pt\/pt\/wp-json\/wp\/v2\/media?parent=1981"}],"wp:term":[{"taxonomy":"category","embeddable":true,"href":"https:\/\/www.nemus.pt\/pt\/wp-json\/wp\/v2\/categories?post=1981"},{"taxonomy":"post_tag","embeddable":true,"href":"https:\/\/www.nemus.pt\/pt\/wp-json\/wp\/v2\/tags?post=1981"}],"curies":[{"name":"wp","href":"https:\/\/api.w.org\/{rel}","templated":true}]}}