{"id":1985,"date":"2011-09-19T14:13:10","date_gmt":"2011-09-19T14:13:10","guid":{"rendered":"http:\/\/www.nemus.pt\/?p=1985"},"modified":"2022-07-27T06:40:00","modified_gmt":"2022-07-27T06:40:00","slug":"planos-de-bacia-em-consulta-publica","status":"publish","type":"post","link":"https:\/\/www.nemus.pt\/pt\/planos-de-bacia-em-consulta-publica\/","title":{"rendered":"Planos de Bacia em Consulta P\u00fablica"},"content":{"rendered":"<p>Os Cons\u00f3rcios liderados pela\u00a0NEMUS\u00a0terminaram recentemente a elabora\u00e7\u00e3o dos Planos de Gest\u00e3o das Bacias Hidrogr\u00e1ficas (PGBH) das regi\u00f5es a Sul do Tejo. Os documentos est\u00e3o agora em Consulta P\u00fablica, etapa da maior relev\u00e2ncia para a consolida\u00e7\u00e3o dos Planos.<\/p>\n<p>J\u00e1 em Julho de 2011, os resultados dos Planos do Alentejo foram apresentados e discutidos no Audit\u00f3rio Principal do Laborat\u00f3rio Nacional de Engenharia Civil (LNEC), em Lisboa. O\u00a0PGBH\u00a0do Guadiana (RH7) e o\u00a0PGBH\u00a0do Sado e Mira (RH6) est\u00e3o dispon\u00edveis para Consulta P\u00fablica at\u00e9 ao final de Janeiro de 2012.<\/p>\n<p>O\u00a0PGBH\u00a0das Ribeiras do Algarve (RH8) foi apresentado em Setembro e a Consulta P\u00fablica decorrer\u00e1 at\u00e9 ao dia 19 de Mar\u00e7o de 2012.<\/p>\n<p>Ainda na fase de elabora\u00e7\u00e3o, ambas as Administra\u00e7\u00f5es de Regi\u00e3o Hidrogr\u00e1fica (do Alentejo e do Algarve) promoveram f\u00f3runs de participa\u00e7\u00e3o p\u00fablica, materializando o desejo destas institui\u00e7\u00f5es de desenvolverem Planos com forte sustenta\u00e7\u00e3o p\u00fablica.<br \/>\nOs\u00a0PGBH\u00a0s\u00e3o instrumentos de planeamento das \u00e1guas que visam a gest\u00e3o, protec\u00e7\u00e3o e valoriza\u00e7\u00e3o ambiental e socioecon\u00f3mica dos recursos h\u00eddricos. Em conjunto, os trabalhos conduzidos pela\u00a0NEMUS\u00a0iniciam uma nova fase na gest\u00e3o de recursos h\u00eddricos a Sul do Tejo, com importantes repercuss\u00f5es a n\u00edvel regional e nacional.<\/p>","protected":false},"excerpt":{"rendered":"<p>Os Cons\u00f3rcios liderados pela\u00a0NEMUS\u00a0terminaram recentemente a elabora\u00e7\u00e3o dos Planos de Gest\u00e3o das Bacias Hidrogr\u00e1ficas (PGBH) das regi\u00f5es a Sul do Tejo. Os documentos est\u00e3o agora em Consulta P\u00fablica, etapa da maior relev\u00e2ncia para a consolida\u00e7\u00e3o dos Planos. J\u00e1 em Julho &#8230;<\/p>\n","protected":false},"author":3,"featured_media":2349,"comment_status":"closed","ping_status":"open","sticky":false,"template":"","format":"standard","meta":{"_acf_changed":false,"footnotes":""},"categories":[26],"tags":[],"class_list":["post-1985","post","type-post","status-publish","format-standard","has-post-thumbnail","hentry","category-noticia"],"acf":[],"_links":{"self":[{"href":"https:\/\/www.nemus.pt\/pt\/wp-json\/wp\/v2\/posts\/1985","targetHints":{"allow":["GET"]}}],"collection":[{"href":"https:\/\/www.nemus.pt\/pt\/wp-json\/wp\/v2\/posts"}],"about":[{"href":"https:\/\/www.nemus.pt\/pt\/wp-json\/wp\/v2\/types\/post"}],"author":[{"embeddable":true,"href":"https:\/\/www.nemus.pt\/pt\/wp-json\/wp\/v2\/users\/3"}],"replies":[{"embeddable":true,"href":"https:\/\/www.nemus.pt\/pt\/wp-json\/wp\/v2\/comments?post=1985"}],"version-history":[{"count":0,"href":"https:\/\/www.nemus.pt\/pt\/wp-json\/wp\/v2\/posts\/1985\/revisions"}],"wp:featuredmedia":[{"embeddable":true,"href":"https:\/\/www.nemus.pt\/pt\/wp-json\/wp\/v2\/media\/2349"}],"wp:attachment":[{"href":"https:\/\/www.nemus.pt\/pt\/wp-json\/wp\/v2\/media?parent=1985"}],"wp:term":[{"taxonomy":"category","embeddable":true,"href":"https:\/\/www.nemus.pt\/pt\/wp-json\/wp\/v2\/categories?post=1985"},{"taxonomy":"post_tag","embeddable":true,"href":"https:\/\/www.nemus.pt\/pt\/wp-json\/wp\/v2\/tags?post=1985"}],"curies":[{"name":"wp","href":"https:\/\/api.w.org\/{rel}","templated":true}]}}