{"id":1987,"date":"2011-10-17T14:21:11","date_gmt":"2011-10-17T14:21:11","guid":{"rendered":"http:\/\/www.nemus.pt\/?p=1987"},"modified":"2022-07-27T06:40:00","modified_gmt":"2022-07-27T06:40:00","slug":"regime-de-caudais-ecologicos-edp-em-nova-fase-de-trabalho-de-campo","status":"publish","type":"post","link":"https:\/\/www.nemus.pt\/pt\/regime-de-caudais-ecologicos-edp-em-nova-fase-de-trabalho-de-campo\/","title":{"rendered":"Regime de Caudais Ecol\u00f3gicos EDP em nova fase de trabalho de campo"},"content":{"rendered":"<p>Desde 2009, a\u00a0NEMUS\u00a0colabora com a\u00a0EDP\u00a0na determina\u00e7\u00e3o dos regimes de manuten\u00e7\u00e3o ecol\u00f3gica nas barragens de Vilar, Caldeir\u00e3o, A\u00e7ude de Trinta, Fronhas e Raiva. Em Outubro realizou-se uma nova fase do trabalho de campo.<\/p>\n<p>O objectivo passou pela obten\u00e7\u00e3o de curvas de prefer\u00eancia das esp\u00e9cies mais representativas dos sectores fluviais em estudo, segundo a Metodologia Incremental\u00a0IFIM. Mais concretamente, foram considerados o Escalo-do-Norte, a Boga e a Truta-de-rio.<\/p>\n<p>As campanhas de amostragem nas v\u00e1rias linhas de \u00e1gua afectadas pelos aproveitamentos hidr\u00e1ulicos basearam-se na captura pisc\u00edcola, atrav\u00e9s de pesca el\u00e9ctrica e na medi\u00e7\u00e3o das vari\u00e1veis ambientais que mais influenciam o micro-habitat das esp\u00e9cies residentes: profundidade, velocidade da corrente e substrato.<\/p>\n<p>A Directiva Quadro da \u00c1gua (DQA\u00a0\u2013 Directiva 2000\/60\/CE, do Parlamento Europeu e do Conselho, de 23 de Outubro, transposta para o direito interno pela Lei n.\u00ba 58\/2005 de 29 de Dezembro \u2013 Lei da \u00c1gua) reconhece a necessidade de assegurar regimes de caudais que garantam a conserva\u00e7\u00e3o e preserva\u00e7\u00e3o dos ecossistemas existentes antes da constru\u00e7\u00e3o das barragens.<\/p>","protected":false},"excerpt":{"rendered":"<p>Desde 2009, a\u00a0NEMUS\u00a0colabora com a\u00a0EDP\u00a0na determina\u00e7\u00e3o dos regimes de manuten\u00e7\u00e3o ecol\u00f3gica nas barragens de Vilar, Caldeir\u00e3o, A\u00e7ude de Trinta, Fronhas e Raiva. Em Outubro realizou-se uma nova fase do trabalho de campo. O objectivo passou pela obten\u00e7\u00e3o de curvas de &#8230;<\/p>\n","protected":false},"author":3,"featured_media":2349,"comment_status":"closed","ping_status":"open","sticky":false,"template":"","format":"standard","meta":{"_acf_changed":false,"footnotes":""},"categories":[26],"tags":[],"class_list":["post-1987","post","type-post","status-publish","format-standard","has-post-thumbnail","hentry","category-noticia"],"acf":[],"_links":{"self":[{"href":"https:\/\/www.nemus.pt\/pt\/wp-json\/wp\/v2\/posts\/1987","targetHints":{"allow":["GET"]}}],"collection":[{"href":"https:\/\/www.nemus.pt\/pt\/wp-json\/wp\/v2\/posts"}],"about":[{"href":"https:\/\/www.nemus.pt\/pt\/wp-json\/wp\/v2\/types\/post"}],"author":[{"embeddable":true,"href":"https:\/\/www.nemus.pt\/pt\/wp-json\/wp\/v2\/users\/3"}],"replies":[{"embeddable":true,"href":"https:\/\/www.nemus.pt\/pt\/wp-json\/wp\/v2\/comments?post=1987"}],"version-history":[{"count":0,"href":"https:\/\/www.nemus.pt\/pt\/wp-json\/wp\/v2\/posts\/1987\/revisions"}],"wp:featuredmedia":[{"embeddable":true,"href":"https:\/\/www.nemus.pt\/pt\/wp-json\/wp\/v2\/media\/2349"}],"wp:attachment":[{"href":"https:\/\/www.nemus.pt\/pt\/wp-json\/wp\/v2\/media?parent=1987"}],"wp:term":[{"taxonomy":"category","embeddable":true,"href":"https:\/\/www.nemus.pt\/pt\/wp-json\/wp\/v2\/categories?post=1987"},{"taxonomy":"post_tag","embeddable":true,"href":"https:\/\/www.nemus.pt\/pt\/wp-json\/wp\/v2\/tags?post=1987"}],"curies":[{"name":"wp","href":"https:\/\/api.w.org\/{rel}","templated":true}]}}