{"id":1991,"date":"2011-11-30T11:25:42","date_gmt":"2011-11-30T11:25:42","guid":{"rendered":"http:\/\/www.nemus.pt\/?p=1991"},"modified":"2022-07-27T06:40:00","modified_gmt":"2022-07-27T06:40:00","slug":"nemus-participa-na-discussao-sobre-o-desenvolvimento-integrado-do-litoral-sul-de-maputo","status":"publish","type":"post","link":"https:\/\/www.nemus.pt\/pt\/nemus-participa-na-discussao-sobre-o-desenvolvimento-integrado-do-litoral-sul-de-maputo\/","title":{"rendered":"NEMUS participa na discuss\u00e3o sobre o desenvolvimento integrado do litoral Sul de Maputo"},"content":{"rendered":"<p>No passado dia 25 de Novembro, a\u00a0NEMUSparticipou na reuni\u00e3o t\u00e9cnica sobre o Plano Especial de Desenvolvimento de Ka Tembe, promovida pela Maputo Sul, E.P. e para a qual foram convidadas diversas entidades mo\u00e7ambicanas. No Hotel Afrin Prestige, marcaram presen\u00e7a representantes do Conselho Municipal de Maputo, do Governo da Prov\u00edncia de Maputo e de organismos associados a v\u00e1rios Minist\u00e9rios do executivo mo\u00e7ambicano.<\/p>\n<p>A\u00a0NEMUS, que tem vindo a colaborar com a Maputo Sul, E.P. no \u00e2mbito da parceria com o grupo\u00a0BETAR\u00a0e com a\u00a0BETA\u00a0(empresa mo\u00e7ambicana participada pelo grupo\u00a0BETAR), prestando servi\u00e7os de consultoria, fez-se representar pelo seu Director Geral, Dr. Pedro Bettencourt, que apresentou as conclus\u00f5es da 1\u00aa fase do\u00a0<strong>Plano de Desenvolvimento Regional Ka Tembe \u2013 Ponta do Ouro<\/strong>; este trabalho de enquadramento dos v\u00e1rios projectos previstos para a regi\u00e3o inclui propostas de actua\u00e7\u00e3o espec\u00edficas em diversas \u00e1reas tem\u00e1ticas e geogr\u00e1ficas para garantir um desenvolvimento inclusivo.<\/p>\n<p>O Dr. Pedro Bettencourt apresentou ainda os primeiros resultados do\u00a0<strong>Estudo de Circula\u00e7\u00e3o Hidrodin\u00e2mica da Ba\u00eda de Maputo<\/strong>. O modelo desenvolvido permitiu simular as cheias do ano 2000 \u2013 onde se estima que tenha ocorrido uma subida de 1,5 metros no n\u00edvel do Estu\u00e1rio do Esp\u00edrito Santo \u2013 e identificar zonas vulner\u00e1veis a inunda\u00e7\u00f5es nessa \u00e1rea. Os resultados deste estudo s\u00e3o essenciais para a minimiza\u00e7\u00e3o de riscos na prevista expans\u00e3o urban\u00edstica de Maputo.<\/p>","protected":false},"excerpt":{"rendered":"<p>No passado dia 25 de Novembro, a\u00a0NEMUSparticipou na reuni\u00e3o t\u00e9cnica sobre o Plano Especial de Desenvolvimento de Ka Tembe, promovida pela Maputo Sul, E.P. e para a qual foram convidadas diversas entidades mo\u00e7ambicanas. No Hotel Afrin Prestige, marcaram presen\u00e7a representantes &#8230;<\/p>\n","protected":false},"author":3,"featured_media":2349,"comment_status":"closed","ping_status":"open","sticky":false,"template":"","format":"standard","meta":{"_acf_changed":false,"footnotes":""},"categories":[26],"tags":[],"class_list":["post-1991","post","type-post","status-publish","format-standard","has-post-thumbnail","hentry","category-noticia"],"acf":[],"_links":{"self":[{"href":"https:\/\/www.nemus.pt\/pt\/wp-json\/wp\/v2\/posts\/1991","targetHints":{"allow":["GET"]}}],"collection":[{"href":"https:\/\/www.nemus.pt\/pt\/wp-json\/wp\/v2\/posts"}],"about":[{"href":"https:\/\/www.nemus.pt\/pt\/wp-json\/wp\/v2\/types\/post"}],"author":[{"embeddable":true,"href":"https:\/\/www.nemus.pt\/pt\/wp-json\/wp\/v2\/users\/3"}],"replies":[{"embeddable":true,"href":"https:\/\/www.nemus.pt\/pt\/wp-json\/wp\/v2\/comments?post=1991"}],"version-history":[{"count":0,"href":"https:\/\/www.nemus.pt\/pt\/wp-json\/wp\/v2\/posts\/1991\/revisions"}],"wp:featuredmedia":[{"embeddable":true,"href":"https:\/\/www.nemus.pt\/pt\/wp-json\/wp\/v2\/media\/2349"}],"wp:attachment":[{"href":"https:\/\/www.nemus.pt\/pt\/wp-json\/wp\/v2\/media?parent=1991"}],"wp:term":[{"taxonomy":"category","embeddable":true,"href":"https:\/\/www.nemus.pt\/pt\/wp-json\/wp\/v2\/categories?post=1991"},{"taxonomy":"post_tag","embeddable":true,"href":"https:\/\/www.nemus.pt\/pt\/wp-json\/wp\/v2\/tags?post=1991"}],"curies":[{"name":"wp","href":"https:\/\/api.w.org\/{rel}","templated":true}]}}