{"id":1995,"date":"2012-02-07T11:28:51","date_gmt":"2012-02-07T11:28:51","guid":{"rendered":"http:\/\/www.nemus.pt\/?p=1995"},"modified":"2022-07-27T06:39:46","modified_gmt":"2022-07-27T06:39:46","slug":"pedro-bettencourt-eleito-vice-presidente-da-aprh","status":"publish","type":"post","link":"https:\/\/www.nemus.pt\/pt\/pedro-bettencourt-eleito-vice-presidente-da-aprh\/","title":{"rendered":"Pedro Bettencourt eleito Vice-Presidente da APRH"},"content":{"rendered":"<p>Pedro Bettencourt, Director Geral da\u00a0NEMUS, foi eleito Vice-Presidente da Associa\u00e7\u00e3o Portuguesa de Recursos H\u00eddricos, para o bi\u00e9nio 2012\/2013.<\/p>\n<p>A elei\u00e7\u00e3o aconteceu na Assembleia Geral daAPRH\u00a0que teve lugar no passado dia 7 de Fevereiro, enquanto decorria o 11.\u00ba Congresso da \u00c1gua, no Hotel Porto Pal\u00e1cio (Porto).<\/p>\n<p>A Tomada de Posse dos novos \u00d3rg\u00e3os Sociais daAPRH\u00a0ocorreu a 17 de Fevereiro em Lisboa.<\/p>","protected":false},"excerpt":{"rendered":"<p>Pedro Bettencourt, Director Geral da\u00a0NEMUS, foi eleito Vice-Presidente da Associa\u00e7\u00e3o Portuguesa de Recursos H\u00eddricos, para o bi\u00e9nio 2012\/2013. A elei\u00e7\u00e3o aconteceu na Assembleia Geral daAPRH\u00a0que teve lugar no passado dia 7 de Fevereiro, enquanto decorria o 11.\u00ba Congresso da \u00c1gua, &#8230;<\/p>\n","protected":false},"author":3,"featured_media":2408,"comment_status":"closed","ping_status":"open","sticky":false,"template":"","format":"standard","meta":{"_acf_changed":false,"footnotes":""},"categories":[26],"tags":[],"class_list":["post-1995","post","type-post","status-publish","format-standard","has-post-thumbnail","hentry","category-noticia"],"acf":[],"_links":{"self":[{"href":"https:\/\/www.nemus.pt\/pt\/wp-json\/wp\/v2\/posts\/1995","targetHints":{"allow":["GET"]}}],"collection":[{"href":"https:\/\/www.nemus.pt\/pt\/wp-json\/wp\/v2\/posts"}],"about":[{"href":"https:\/\/www.nemus.pt\/pt\/wp-json\/wp\/v2\/types\/post"}],"author":[{"embeddable":true,"href":"https:\/\/www.nemus.pt\/pt\/wp-json\/wp\/v2\/users\/3"}],"replies":[{"embeddable":true,"href":"https:\/\/www.nemus.pt\/pt\/wp-json\/wp\/v2\/comments?post=1995"}],"version-history":[{"count":0,"href":"https:\/\/www.nemus.pt\/pt\/wp-json\/wp\/v2\/posts\/1995\/revisions"}],"wp:featuredmedia":[{"embeddable":true,"href":"https:\/\/www.nemus.pt\/pt\/wp-json\/wp\/v2\/media\/2408"}],"wp:attachment":[{"href":"https:\/\/www.nemus.pt\/pt\/wp-json\/wp\/v2\/media?parent=1995"}],"wp:term":[{"taxonomy":"category","embeddable":true,"href":"https:\/\/www.nemus.pt\/pt\/wp-json\/wp\/v2\/categories?post=1995"},{"taxonomy":"post_tag","embeddable":true,"href":"https:\/\/www.nemus.pt\/pt\/wp-json\/wp\/v2\/tags?post=1995"}],"curies":[{"name":"wp","href":"https:\/\/api.w.org\/{rel}","templated":true}]}}