{"id":1999,"date":"2008-06-06T14:33:26","date_gmt":"2008-06-06T14:33:26","guid":{"rendered":"http:\/\/www.nemus.pt\/?p=1999"},"modified":"2022-07-27T06:40:00","modified_gmt":"2022-07-27T06:40:00","slug":"workshop-de-validacao-final-do-estudo-identificacao-e-localizacao-de-centros-de-concentracao-empresarial-no-espaco-alqueva","status":"publish","type":"post","link":"https:\/\/www.nemus.pt\/pt\/workshop-de-validacao-final-do-estudo-identificacao-e-localizacao-de-centros-de-concentracao-empresarial-no-espaco-alqueva\/","title":{"rendered":"Workshop de valida\u00e7\u00e3o final do Estudo &#8220;Identifica\u00e7\u00e3o e Localiza\u00e7\u00e3o de Centros de Concentra\u00e7\u00e3o Empresarial no Espa\u00e7o Alqueva&#8221;"},"content":{"rendered":"<p>No dia 4 de Junho de 2008, pelas 14h30, realizou-se no Audit\u00f3rio da\u00a0EDIA\u00a0\u2013 Empresa de Desenvolvimento e Infra-estruturas do Alqueva (Rua Zeca Afonso, 2 \u2013 Beja) uma sess\u00e3o de apresenta\u00e7\u00e3o e discuss\u00e3o do Estudo\u00a0<a href=\"http:\/\/www.nemus.pt\/pt\/portfolio\/localizacao-de-centros-empresariais-em-alqueva\">Identifica\u00e7\u00e3o e Localiza\u00e7\u00e3o de Centros de Concentra\u00e7\u00e3o Empresarial no Espa\u00e7o Alqueva<\/a>, realizado pelaNEMUS\u00a0e pelo\u00a0CIDEC\u00a0\u2013 Centro Interdisciplinar de Estudos Econ\u00f3micos em 2005-2006.<\/p>\n<p>Essa sess\u00e3o, que foi presidida pelo Presidente do Conselho de Administra\u00e7\u00e3o da\u00a0EDIA, Dr. Henrique Troncho, contou com a presen\u00e7a de um painel de convidados onde se incluiram a Presidente da Comiss\u00e3o de Coordena\u00e7\u00e3o e Desenvolvimento Regional do Alentejo, Dr.\u00aa Maria Leal Monteiro, o Professor Catedr\u00e1tico do Instituto Superior T\u00e9cnico, Fernando Nunes da Silva, bem como respons\u00e1veis por importantes investimentos empresariais em curso no Alentejo.<\/p>\n<p>O Estudo identificou as localiza\u00e7\u00f5es preferenciais para empresas que se pretendam instalar na \u00e1rea de influ\u00eancia do Empreendimento de Fins M\u00faltiplos de Alqueva (EFMA) e desenvolvam neg\u00f3cios nas fileiras da Agricultura\/Agro-Ind\u00fastrias, \u00c1gua, Ambiente, Energia, Inova\u00e7\u00e3o e Tecnologia e Turismo. Teve em considera\u00e7\u00e3o as caracter\u00edsticas naturais, econ\u00f3micas, sociais e culturais do \u201cEspa\u00e7o Alqueva\u201d e assentou, do ponto de vista metodol\u00f3gico, na aplica\u00e7\u00e3o do modelo do \u201cDiamante\u201d de Michael Porter com incorpora\u00e7\u00e3o de factores de localiza\u00e7\u00e3o.<\/p>","protected":false},"excerpt":{"rendered":"<p>No dia 4 de Junho de 2008, pelas 14h30, realizou-se no Audit\u00f3rio da\u00a0EDIA\u00a0\u2013 Empresa de Desenvolvimento e Infra-estruturas do Alqueva (Rua Zeca Afonso, 2 \u2013 Beja) uma sess\u00e3o de apresenta\u00e7\u00e3o e discuss\u00e3o do Estudo\u00a0Identifica\u00e7\u00e3o e Localiza\u00e7\u00e3o de Centros de Concentra\u00e7\u00e3o &#8230;<\/p>\n","protected":false},"author":3,"featured_media":2349,"comment_status":"closed","ping_status":"open","sticky":false,"template":"","format":"standard","meta":{"_acf_changed":false,"footnotes":""},"categories":[26],"tags":[],"class_list":["post-1999","post","type-post","status-publish","format-standard","has-post-thumbnail","hentry","category-noticia"],"acf":[],"_links":{"self":[{"href":"https:\/\/www.nemus.pt\/pt\/wp-json\/wp\/v2\/posts\/1999","targetHints":{"allow":["GET"]}}],"collection":[{"href":"https:\/\/www.nemus.pt\/pt\/wp-json\/wp\/v2\/posts"}],"about":[{"href":"https:\/\/www.nemus.pt\/pt\/wp-json\/wp\/v2\/types\/post"}],"author":[{"embeddable":true,"href":"https:\/\/www.nemus.pt\/pt\/wp-json\/wp\/v2\/users\/3"}],"replies":[{"embeddable":true,"href":"https:\/\/www.nemus.pt\/pt\/wp-json\/wp\/v2\/comments?post=1999"}],"version-history":[{"count":0,"href":"https:\/\/www.nemus.pt\/pt\/wp-json\/wp\/v2\/posts\/1999\/revisions"}],"wp:featuredmedia":[{"embeddable":true,"href":"https:\/\/www.nemus.pt\/pt\/wp-json\/wp\/v2\/media\/2349"}],"wp:attachment":[{"href":"https:\/\/www.nemus.pt\/pt\/wp-json\/wp\/v2\/media?parent=1999"}],"wp:term":[{"taxonomy":"category","embeddable":true,"href":"https:\/\/www.nemus.pt\/pt\/wp-json\/wp\/v2\/categories?post=1999"},{"taxonomy":"post_tag","embeddable":true,"href":"https:\/\/www.nemus.pt\/pt\/wp-json\/wp\/v2\/tags?post=1999"}],"curies":[{"name":"wp","href":"https:\/\/api.w.org\/{rel}","templated":true}]}}