{"id":2005,"date":"2010-03-08T12:39:00","date_gmt":"2010-03-08T12:39:00","guid":{"rendered":"http:\/\/www.nemus.pt\/?p=2005"},"modified":"2022-07-27T06:40:00","modified_gmt":"2022-07-27T06:40:00","slug":"nemus-apresenta-estudo-na-assembleia-da-republica","status":"publish","type":"post","link":"https:\/\/www.nemus.pt\/pt\/nemus-apresenta-estudo-na-assembleia-da-republica\/","title":{"rendered":"NEMUS apresenta Estudo na Assembleia da Rep\u00fablica"},"content":{"rendered":"<p>No \u00e2mbito da comemora\u00e7\u00e3o do Dia Internacional da Mulher, a\u00a0NEMUS\u00a0apresentou na Assembleia da Rep\u00fablica, o Estudo sobre o Impacto da Discrimina\u00e7\u00e3o com base na Defici\u00eancia nas Mulheres.<\/p>\n<p>Este trabalho pioneiro que incidiu sobre uma tem\u00e1tica actual e urgente na sociedade portuguesa, centrada na dimens\u00e3o social do desenvolvimento sustent\u00e1vel, teve por objectivo avaliar as situa\u00e7\u00f5es de m\u00faltipla discrimina\u00e7\u00e3o a que as mulheres com defici\u00eancia podem estar sujeitas.<\/p>\n<p>A sess\u00e3o p\u00fablica de apresenta\u00e7\u00e3o na Assembleia da Rep\u00fablica promovida pelo\u00a0INR, I.P., realizou-se no dia 8 de Mar\u00e7o de 2010 e contou com a presen\u00e7a da Secret\u00e1ria de Estado Adjunta da Reabilita\u00e7\u00e3o, Dr.\u00aa Id\u00e1lia Moniz, e da Secret\u00e1ria de Estado da Igualdade, Dr.\u00aa Elza Pais.<\/p>","protected":false},"excerpt":{"rendered":"<p>No \u00e2mbito da comemora\u00e7\u00e3o do Dia Internacional da Mulher, a\u00a0NEMUS\u00a0apresentou na Assembleia da Rep\u00fablica, o Estudo sobre o Impacto da Discrimina\u00e7\u00e3o com base na Defici\u00eancia nas Mulheres. Este trabalho pioneiro que incidiu sobre uma tem\u00e1tica actual e urgente na sociedade &#8230;<\/p>\n","protected":false},"author":3,"featured_media":2349,"comment_status":"closed","ping_status":"open","sticky":false,"template":"","format":"standard","meta":{"_acf_changed":false,"footnotes":""},"categories":[26],"tags":[],"class_list":["post-2005","post","type-post","status-publish","format-standard","has-post-thumbnail","hentry","category-noticia"],"acf":[],"_links":{"self":[{"href":"https:\/\/www.nemus.pt\/pt\/wp-json\/wp\/v2\/posts\/2005","targetHints":{"allow":["GET"]}}],"collection":[{"href":"https:\/\/www.nemus.pt\/pt\/wp-json\/wp\/v2\/posts"}],"about":[{"href":"https:\/\/www.nemus.pt\/pt\/wp-json\/wp\/v2\/types\/post"}],"author":[{"embeddable":true,"href":"https:\/\/www.nemus.pt\/pt\/wp-json\/wp\/v2\/users\/3"}],"replies":[{"embeddable":true,"href":"https:\/\/www.nemus.pt\/pt\/wp-json\/wp\/v2\/comments?post=2005"}],"version-history":[{"count":0,"href":"https:\/\/www.nemus.pt\/pt\/wp-json\/wp\/v2\/posts\/2005\/revisions"}],"wp:featuredmedia":[{"embeddable":true,"href":"https:\/\/www.nemus.pt\/pt\/wp-json\/wp\/v2\/media\/2349"}],"wp:attachment":[{"href":"https:\/\/www.nemus.pt\/pt\/wp-json\/wp\/v2\/media?parent=2005"}],"wp:term":[{"taxonomy":"category","embeddable":true,"href":"https:\/\/www.nemus.pt\/pt\/wp-json\/wp\/v2\/categories?post=2005"},{"taxonomy":"post_tag","embeddable":true,"href":"https:\/\/www.nemus.pt\/pt\/wp-json\/wp\/v2\/tags?post=2005"}],"curies":[{"name":"wp","href":"https:\/\/api.w.org\/{rel}","templated":true}]}}