{"id":2009,"date":"2010-05-25T15:41:11","date_gmt":"2010-05-25T15:41:11","guid":{"rendered":"http:\/\/www.nemus.pt\/?p=2009"},"modified":"2022-07-27T06:40:00","modified_gmt":"2022-07-27T06:40:00","slug":"engenheiro-fernando-silveira-ramos-vence-premio-secil","status":"publish","type":"post","link":"https:\/\/www.nemus.pt\/pt\/engenheiro-fernando-silveira-ramos-vence-premio-secil\/","title":{"rendered":"Engenheiro Fernando Silveira Ramos vence Pr\u00e9mio SECIL"},"content":{"rendered":"<p>O\u00a0<a href=\"http:\/\/www.secil.pt\/default.asp?pag=premios_nac_det&amp;prem=65\">Pr\u00e9mio\u00a0SECIL<\/a>\u00a0de Engenharia Civil 2009 foi atribu\u00eddo ao engenheiro Fernando Silveira Ramos, s\u00f3cio gerente da\u00a0NEMUS.<\/p>\n<p>O galard\u00e3o entregue pela\u00a0SECIL\u00a0e pela Ordem dos Engenheiros refere-se ao projecto do Molhe Norte da Barra do Douro, no qual a\u00a0NEMUSparticipou, integrada na equipa dirigida pelo Engenheiro Silveira Ramos, tendo realizado (em conjunto com a\u00a0PROCESL) o Estudo de Impacte Ambiental da Melhoria das Acessibilidades e Condi\u00e7\u00f5es de Seguran\u00e7a na Barra do Douro na fase de Projecto.<\/p>\n<p>Posteriormente, na fase de obra, a\u00a0NEMUS\u00a0foi respons\u00e1vel pelo acompanhamento e monitoriza\u00e7\u00e3o das Altera\u00e7\u00f5es fisiogeogr\u00e1ficas no estu\u00e1rio do Douro e na orla costeira adjacente, tendo estabelecido um sistema de observa\u00e7\u00f5es sistem\u00e1ticas entre o Porto de Leix\u00f5es e Espanha.<\/p>\n<p>A cerim\u00f3nia de entrega dos Pr\u00e9mios realizou-se no dia 25 de Maio de 2010 e contou com a presen\u00e7a do Senhor Presidente da Rep\u00fablica, Professor An\u00edbal Cavaco Silva.<\/p>","protected":false},"excerpt":{"rendered":"<p>O\u00a0Pr\u00e9mio\u00a0SECIL\u00a0de Engenharia Civil 2009 foi atribu\u00eddo ao engenheiro Fernando Silveira Ramos, s\u00f3cio gerente da\u00a0NEMUS. O galard\u00e3o entregue pela\u00a0SECIL\u00a0e pela Ordem dos Engenheiros refere-se ao projecto do Molhe Norte da Barra do Douro, no qual a\u00a0NEMUSparticipou, integrada na equipa dirigida pelo &#8230;<\/p>\n","protected":false},"author":3,"featured_media":2349,"comment_status":"closed","ping_status":"open","sticky":false,"template":"","format":"standard","meta":{"_acf_changed":false,"footnotes":""},"categories":[26],"tags":[],"class_list":["post-2009","post","type-post","status-publish","format-standard","has-post-thumbnail","hentry","category-noticia"],"acf":[],"_links":{"self":[{"href":"https:\/\/www.nemus.pt\/pt\/wp-json\/wp\/v2\/posts\/2009","targetHints":{"allow":["GET"]}}],"collection":[{"href":"https:\/\/www.nemus.pt\/pt\/wp-json\/wp\/v2\/posts"}],"about":[{"href":"https:\/\/www.nemus.pt\/pt\/wp-json\/wp\/v2\/types\/post"}],"author":[{"embeddable":true,"href":"https:\/\/www.nemus.pt\/pt\/wp-json\/wp\/v2\/users\/3"}],"replies":[{"embeddable":true,"href":"https:\/\/www.nemus.pt\/pt\/wp-json\/wp\/v2\/comments?post=2009"}],"version-history":[{"count":0,"href":"https:\/\/www.nemus.pt\/pt\/wp-json\/wp\/v2\/posts\/2009\/revisions"}],"wp:featuredmedia":[{"embeddable":true,"href":"https:\/\/www.nemus.pt\/pt\/wp-json\/wp\/v2\/media\/2349"}],"wp:attachment":[{"href":"https:\/\/www.nemus.pt\/pt\/wp-json\/wp\/v2\/media?parent=2009"}],"wp:term":[{"taxonomy":"category","embeddable":true,"href":"https:\/\/www.nemus.pt\/pt\/wp-json\/wp\/v2\/categories?post=2009"},{"taxonomy":"post_tag","embeddable":true,"href":"https:\/\/www.nemus.pt\/pt\/wp-json\/wp\/v2\/tags?post=2009"}],"curies":[{"name":"wp","href":"https:\/\/api.w.org\/{rel}","templated":true}]}}