{"id":2637,"date":"2015-05-27T10:46:49","date_gmt":"2015-05-27T10:46:49","guid":{"rendered":"http:\/\/www.nemus.pt\/en\/?p=2637"},"modified":"2022-07-27T06:39:20","modified_gmt":"2022-07-27T06:39:20","slug":"implementacao-do-redd-em-mocambique","status":"publish","type":"post","link":"https:\/\/www.nemus.pt\/pt\/implementacao-do-redd-em-mocambique\/","title":{"rendered":"Implementa\u00e7\u00e3o do REDD+ em Mo\u00e7ambique"},"content":{"rendered":"<p>Est\u00e1 oficialmente em curso o trabalho atribu\u00eddo ao cons\u00f3rcio NEMUS\/BETA, intitulado \u201cAn\u00e1lise do quadro legal e institucional para implementa\u00e7\u00e3o do <strong>REDD+<\/strong> em Mo\u00e7ambique (Redu\u00e7\u00e3o das Emiss\u00f5es Resultantes da Desfloresta\u00e7\u00e3o e da Degrada\u00e7\u00e3o Florestal) \u201d para o FUNAB \u2013 Fundo do Ambiente de Mo\u00e7ambique.<\/p>\n<p>Os principais objetivos da consultoria s\u00e3o a revis\u00e3o e a avalia\u00e7\u00e3o do quadro jur\u00eddico mo\u00e7ambicano para a implementa\u00e7\u00e3o da Estrat\u00e9gia REDD+ no pa\u00eds.<\/p>\n<p>A estrat\u00e9gia REDD+ pretende <strong>reduzir as emiss\u00f5es provenientes da desfloresta\u00e7\u00e3o e degrada\u00e7\u00e3o florestal<\/strong>, atrav\u00e9s duma <strong>gest\u00e3o florestal sustent\u00e1vel<\/strong> que promova n\u00e3o s\u00f3 o aumento do sequestro de carbono (contribuindo assim para o combate \u00e0s altera\u00e7\u00f5es clim\u00e1ticas a n\u00edvel mundial), mas que beneficie tamb\u00e9m a popula\u00e7\u00e3o e o pa\u00eds (repartindo benef\u00edcios que contribuem para reduzir a pobreza e melhorar o desenvolvimento sustent\u00e1vel e a conserva\u00e7\u00e3o da biodiversidade).<\/p>\n<p>O projeto envolve a revis\u00e3o e an\u00e1lise da informa\u00e7\u00e3o existente sobre o REDD+ em Mo\u00e7ambique, a identifica\u00e7\u00e3o das institui\u00e7\u00f5es, entidades e partes interessadas relevantes, a forma\u00e7\u00e3o e capacita\u00e7\u00e3o da unidade t\u00e9cnica envolvida e a organiza\u00e7\u00e3o e coordena\u00e7\u00e3o de workshops direcionada ao esclarecimento e envolvimento p\u00fablicos.<\/p>\n<p>Embora por vezes esquecidas ou ignoradas, <strong>a desfloresta\u00e7\u00e3o e a degrada\u00e7\u00e3o florestal s\u00e3o a segunda principal causa de aquecimento global<\/strong>; efetivamente, s\u00e3o respons\u00e1veis por cerca de 15% das emiss\u00f5es globais de gases de efeito de estufa, constituindo-se num tema de grande import\u00e2ncia no contexto do combate \u00e0s altera\u00e7\u00f5es clim\u00e1ticas.<\/p>\n<p>Para al\u00e9m da mitiga\u00e7\u00e3o das altera\u00e7\u00f5es clim\u00e1ticas, o apoio \u00e0 gest\u00e3o florestal sustent\u00e1vel promove tamb\u00e9m a conserva\u00e7\u00e3o de recursos h\u00eddricos, a preven\u00e7\u00e3o de inunda\u00e7\u00f5es, a redu\u00e7\u00e3o de escorr\u00eancias, o controlo da eros\u00e3o do solo, a redu\u00e7\u00e3o do assoreamento dos rios, a prote\u00e7\u00e3o dos recursos pesqueiros e a preserva\u00e7\u00e3o da biodiversidade, de culturas e de tradi\u00e7\u00f5es.<\/p>\n<p>Para um pa\u00eds como Mo\u00e7ambique, onde cerca de <strong>70% da \u00e1rea territorial est\u00e1 coberta por florestas e outros tipos de vegeta\u00e7\u00e3o<\/strong>, a implementa\u00e7\u00e3o da estrat\u00e9gia REDD+ representa um enorme passo na dire\u00e7\u00e3o certa. A perda anual destes recursos cifra-se j\u00e1 em 0,6% ou em 219.000 ha, de acordo com o invent\u00e1rio florestal de 2007.<\/p>\n<p><em>Redu\u00e7\u00e3o das Emiss\u00f5es resultantes da Desfloresta\u00e7\u00e3o e da Degrada\u00e7\u00e3o Florestal (REDD) \u00e9 um mecanismo desenvolvido pela Confer\u00eancia Quadro das Na\u00e7\u00f5es Unidas para as Altera\u00e7\u00f5es Clim\u00e1ticas (CQNUAC) que visa criar um valor financeiro para o carbono armazenado nas florestas, oferecendo incentivos a pa\u00edses em desenvolvimento para reduzirem as emiss\u00f5es provenientes de \u00e1reas florestais e investirem em solu\u00e7\u00f5es sustent\u00e1veis com emiss\u00f5es de carbono reduzidas. O &#8220;REDD +&#8221; vai al\u00e9m da desfloresta\u00e7\u00e3o e degrada\u00e7\u00e3o florestal, incluindo ainda a conserva\u00e7\u00e3o, a gest\u00e3o sustent\u00e1vel de florestas e o aumento de stocks de carbono florestal.<\/em><\/p>","protected":false},"excerpt":{"rendered":"<p>Est\u00e1 oficialmente em curso o trabalho atribu\u00eddo ao cons\u00f3rcio NEMUS\/BETA, intitulado \u201cAn\u00e1lise do quadro legal e institucional para implementa\u00e7\u00e3o do REDD+ em Mo\u00e7ambique (Redu\u00e7\u00e3o das Emiss\u00f5es Resultantes da Desfloresta\u00e7\u00e3o e da Degrada\u00e7\u00e3o Florestal) \u201d para o FUNAB \u2013 Fundo do &#8230;<\/p>\n","protected":false},"author":4,"featured_media":2639,"comment_status":"closed","ping_status":"open","sticky":false,"template":"","format":"standard","meta":{"_acf_changed":false,"footnotes":""},"categories":[26],"tags":[],"class_list":["post-2637","post","type-post","status-publish","format-standard","has-post-thumbnail","hentry","category-noticia"],"acf":[],"_links":{"self":[{"href":"https:\/\/www.nemus.pt\/pt\/wp-json\/wp\/v2\/posts\/2637","targetHints":{"allow":["GET"]}}],"collection":[{"href":"https:\/\/www.nemus.pt\/pt\/wp-json\/wp\/v2\/posts"}],"about":[{"href":"https:\/\/www.nemus.pt\/pt\/wp-json\/wp\/v2\/types\/post"}],"author":[{"embeddable":true,"href":"https:\/\/www.nemus.pt\/pt\/wp-json\/wp\/v2\/users\/4"}],"replies":[{"embeddable":true,"href":"https:\/\/www.nemus.pt\/pt\/wp-json\/wp\/v2\/comments?post=2637"}],"version-history":[{"count":0,"href":"https:\/\/www.nemus.pt\/pt\/wp-json\/wp\/v2\/posts\/2637\/revisions"}],"wp:featuredmedia":[{"embeddable":true,"href":"https:\/\/www.nemus.pt\/pt\/wp-json\/wp\/v2\/media\/2639"}],"wp:attachment":[{"href":"https:\/\/www.nemus.pt\/pt\/wp-json\/wp\/v2\/media?parent=2637"}],"wp:term":[{"taxonomy":"category","embeddable":true,"href":"https:\/\/www.nemus.pt\/pt\/wp-json\/wp\/v2\/categories?post=2637"},{"taxonomy":"post_tag","embeddable":true,"href":"https:\/\/www.nemus.pt\/pt\/wp-json\/wp\/v2\/tags?post=2637"}],"curies":[{"name":"wp","href":"https:\/\/api.w.org\/{rel}","templated":true}]}}