{"id":2685,"date":"2015-07-17T18:00:00","date_gmt":"2015-07-17T18:00:00","guid":{"rendered":"http:\/\/www.nemus.pt\/pt\/?p=2685"},"modified":"2022-07-27T06:39:19","modified_gmt":"2022-07-27T06:39:19","slug":"workshop-internacional-do-redd","status":"publish","type":"post","link":"https:\/\/www.nemus.pt\/pt\/workshop-internacional-do-redd\/","title":{"rendered":"Workshop internacional do REDD+"},"content":{"rendered":"<p>A Nemus foi convidada para participar no <em>workshop<\/em> sobre <strong>gest\u00e3o integrada e jurisdicional de paisagens<\/strong> organizado pela Unidade T\u00e9cnica do REDD+, em coordena\u00e7\u00e3o com o Banco Mundial, que decorrer\u00e1 nos dias 20, 21 e 22 de Julho de 2015 no Hotel Cardoso em Maputo. O evento insere-se no \u00e2mbito da atual implementa\u00e7\u00e3o da <strong>estrat\u00e9gia REDD+ <\/strong>em Mo\u00e7ambique, pela qual a Nemus, em cons\u00f3rcio com a empresa mo\u00e7ambicana Beta, est\u00e1 respons\u00e1vel.<\/p>\n<p>Este <em>workshop<\/em> tem como objetivo identificar oportunidades e desafios que se colocam no desenho dos programas de forma concertada, discutir aspectos operacionais de implementa\u00e7\u00e3o dos programas e debater formas de financiamento dos projetos. Neste encontro estar\u00e3o envolvidas diversas entidades representantes do setor p\u00fablico de Mo\u00e7ambique, Eti\u00f3pia, Ghana, Lib\u00e9ria e Z\u00e2mbia, bem como especialistas do Brasil, \u00cdndia e Gab\u00e3o.<\/p>\n<p>A estrat\u00e9gia REDD+ pretende <strong>reduzir as emiss\u00f5es provenientes da desfloresta\u00e7\u00e3o e degrada\u00e7\u00e3o florestal<\/strong>, atrav\u00e9s duma <strong>gest\u00e3o florestal sustent\u00e1vel<\/strong> que promova n\u00e3o s\u00f3 o aumento do sequestro de carbono (contribuindo assim para o combate \u00e0s altera\u00e7\u00f5es clim\u00e1ticas a n\u00edvel mundial), mas que beneficie tamb\u00e9m a popula\u00e7\u00e3o e o pa\u00eds (repartindo benef\u00edcios que contribuem para reduzir a pobreza e melhorar o desenvolvimento sustent\u00e1vel e a conserva\u00e7\u00e3o da biodiversidade).<\/p>\n<p>Pode consultar a programa\u00e7\u00e3o do evento <u><a href=\"http:\/\/www.nemus.pt\/wp-content\/uploads\/2015\/07\/Agenda_do_encontro_em_Portugues.pdf\" target=\"_blank\" rel=\"noopener\">aqui<\/a><\/u>.<\/p>","protected":false},"excerpt":{"rendered":"<p>A Nemus foi convidada para participar no workshop sobre gest\u00e3o integrada e jurisdicional de paisagens organizado pela Unidade T\u00e9cnica do REDD+, em coordena\u00e7\u00e3o com o Banco Mundial, que decorrer\u00e1 nos dias 20, 21 e 22 de Julho de 2015 no &#8230;<\/p>\n","protected":false},"author":4,"featured_media":2683,"comment_status":"closed","ping_status":"open","sticky":false,"template":"","format":"standard","meta":{"_acf_changed":false,"footnotes":""},"categories":[26],"tags":[],"class_list":["post-2685","post","type-post","status-publish","format-standard","has-post-thumbnail","hentry","category-noticia"],"acf":[],"_links":{"self":[{"href":"https:\/\/www.nemus.pt\/pt\/wp-json\/wp\/v2\/posts\/2685","targetHints":{"allow":["GET"]}}],"collection":[{"href":"https:\/\/www.nemus.pt\/pt\/wp-json\/wp\/v2\/posts"}],"about":[{"href":"https:\/\/www.nemus.pt\/pt\/wp-json\/wp\/v2\/types\/post"}],"author":[{"embeddable":true,"href":"https:\/\/www.nemus.pt\/pt\/wp-json\/wp\/v2\/users\/4"}],"replies":[{"embeddable":true,"href":"https:\/\/www.nemus.pt\/pt\/wp-json\/wp\/v2\/comments?post=2685"}],"version-history":[{"count":0,"href":"https:\/\/www.nemus.pt\/pt\/wp-json\/wp\/v2\/posts\/2685\/revisions"}],"wp:featuredmedia":[{"embeddable":true,"href":"https:\/\/www.nemus.pt\/pt\/wp-json\/wp\/v2\/media\/2683"}],"wp:attachment":[{"href":"https:\/\/www.nemus.pt\/pt\/wp-json\/wp\/v2\/media?parent=2685"}],"wp:term":[{"taxonomy":"category","embeddable":true,"href":"https:\/\/www.nemus.pt\/pt\/wp-json\/wp\/v2\/categories?post=2685"},{"taxonomy":"post_tag","embeddable":true,"href":"https:\/\/www.nemus.pt\/pt\/wp-json\/wp\/v2\/tags?post=2685"}],"curies":[{"name":"wp","href":"https:\/\/api.w.org\/{rel}","templated":true}]}}