{"id":2694,"date":"2015-07-29T11:22:10","date_gmt":"2015-07-29T11:22:10","guid":{"rendered":"http:\/\/www.nemus.pt\/pt\/?p=2694"},"modified":"2022-07-27T06:39:04","modified_gmt":"2022-07-27T06:39:04","slug":"nemus-na-i-conferencia-em-ecologia-manejo-e-restauracao-de-rios-em-salvador-brasil","status":"publish","type":"post","link":"https:\/\/www.nemus.pt\/pt\/nemus-na-i-conferencia-em-ecologia-manejo-e-restauracao-de-rios-em-salvador-brasil\/","title":{"rendered":"Nemus na I Confer\u00eancia em Ecologia, Manejo e Restaura\u00e7\u00e3o de Rios em Salvador, Brasil"},"content":{"rendered":"<p>No passado dia 28 de Julho, a Nemus apresentou uma comunica\u00e7\u00e3o sobre \u201cA import\u00e2ncia dos cen\u00e1rios de restaura\u00e7\u00e3o do rio no \u00e2mbito da atualiza\u00e7\u00e3o do plano de recursos h\u00eddricos da bacia hidrogr\u00e1fica do rio S\u00e3o Francisco para 2016-2025\u201d, no que foi a primeira Confer\u00eancia em Ecologia, Manejo e Restaura\u00e7\u00e3o de Rios no Brasil. O evento, que contou com a participa\u00e7\u00e3o de v\u00e1rios profissionais de diversos pa\u00edses, estendeu-se por dois dias e decorreu no sal\u00e3o de conven\u00e7\u00f5es do <em>Portobello Ondina Praia Hotel<\/em> em Salvador, Bahia.<\/p>\n<p>A comunica\u00e7\u00e3o, em conjunto com um poster cient\u00edfico, foi apresentada por Pedro Bettencourt, Diretor Geral da Nemus, que discutiu a import\u00e2ncia da vegeta\u00e7\u00e3o ribeirinha, o seu papel na conectividade ecol\u00f3gica regional e formas de garantir a sua prote\u00e7\u00e3o, j\u00e1 que esta faixa de vegeta\u00e7\u00e3o \u00e9 imprescind\u00edvel para assegurar a sustentabilidade de atividades cruciais para as popula\u00e7\u00f5es, como: a navega\u00e7\u00e3o, a pesca, a agricultura, entre outros.<\/p>\n<p>Pode consultar o <em>Abstract <\/em>da comunica\u00e7\u00e3o <a href=\"http:\/\/media.wix.com\/ugd\/03564e_2c502e0d9d6a4e3bb7817b5203c45f9a.pdf\" target=\"_blank\" rel=\"noopener\"><u>aqui<\/u><\/a>.<\/p>\n<p>A confer\u00eancia \u00e9 o resultado de uma parceria entre a Universidade Federal da Bahia (Brasil) e o programa internacional \u201cFLUVIO\u201d, coordenado pela Universidade de Lisboa e composto pela Universidade Polit\u00e9cnica de Madrid (Espanha), pela Universidade Federal da Bahia e as empresas KE \u2013 Katopodis Ecohydraulics Ltd. (Canad\u00e1) e ECK \u2013 Environmental Consulting Klagenfurt (\u00c1ustria). O evento permitiu a divulga\u00e7\u00e3o de pesquisas e a\u00e7\u00f5es sobre a gest\u00e3o e recupera\u00e7\u00e3o de corpos de \u00e1gua, com especial \u00eanfase em pr\u00e1ticas e experi\u00eancias, discutindo oportunidades, pr\u00e1ticas e ferramentas apropriadas para abordar e resolver problemas na \u00e1rea.<\/p>\n<p>Consulte o site do evento <u><a href=\"http:\/\/scemrr2015.wix.com\/portugues\" target=\"_blank\" rel=\"noopener\">aqui<\/a><\/u>.<\/p>","protected":false},"excerpt":{"rendered":"<p>No passado dia 28 de Julho, a Nemus apresentou uma comunica\u00e7\u00e3o sobre \u201cA import\u00e2ncia dos cen\u00e1rios de restaura\u00e7\u00e3o do rio no \u00e2mbito da atualiza\u00e7\u00e3o do plano de recursos h\u00eddricos da bacia hidrogr\u00e1fica do rio S\u00e3o Francisco para 2016-2025\u201d, no que &#8230;<\/p>\n","protected":false},"author":4,"featured_media":2696,"comment_status":"closed","ping_status":"open","sticky":false,"template":"","format":"standard","meta":{"_acf_changed":false,"footnotes":""},"categories":[26],"tags":[],"class_list":["post-2694","post","type-post","status-publish","format-standard","has-post-thumbnail","hentry","category-noticia"],"acf":[],"_links":{"self":[{"href":"https:\/\/www.nemus.pt\/pt\/wp-json\/wp\/v2\/posts\/2694","targetHints":{"allow":["GET"]}}],"collection":[{"href":"https:\/\/www.nemus.pt\/pt\/wp-json\/wp\/v2\/posts"}],"about":[{"href":"https:\/\/www.nemus.pt\/pt\/wp-json\/wp\/v2\/types\/post"}],"author":[{"embeddable":true,"href":"https:\/\/www.nemus.pt\/pt\/wp-json\/wp\/v2\/users\/4"}],"replies":[{"embeddable":true,"href":"https:\/\/www.nemus.pt\/pt\/wp-json\/wp\/v2\/comments?post=2694"}],"version-history":[{"count":0,"href":"https:\/\/www.nemus.pt\/pt\/wp-json\/wp\/v2\/posts\/2694\/revisions"}],"wp:featuredmedia":[{"embeddable":true,"href":"https:\/\/www.nemus.pt\/pt\/wp-json\/wp\/v2\/media\/2696"}],"wp:attachment":[{"href":"https:\/\/www.nemus.pt\/pt\/wp-json\/wp\/v2\/media?parent=2694"}],"wp:term":[{"taxonomy":"category","embeddable":true,"href":"https:\/\/www.nemus.pt\/pt\/wp-json\/wp\/v2\/categories?post=2694"},{"taxonomy":"post_tag","embeddable":true,"href":"https:\/\/www.nemus.pt\/pt\/wp-json\/wp\/v2\/tags?post=2694"}],"curies":[{"name":"wp","href":"https:\/\/api.w.org\/{rel}","templated":true}]}}