{"id":2700,"date":"2015-10-14T16:21:15","date_gmt":"2015-10-14T16:21:15","guid":{"rendered":"http:\/\/www.nemus.pt\/pt\/?p=2700"},"modified":"2022-07-27T06:39:04","modified_gmt":"2022-07-27T06:39:04","slug":"ce-publica-avaliacao-intercalar-da-estrategia-para-a-biodiversidade-2011-2020","status":"publish","type":"post","link":"https:\/\/www.nemus.pt\/pt\/ce-publica-avaliacao-intercalar-da-estrategia-para-a-biodiversidade-2011-2020\/","title":{"rendered":"CE publica avalia\u00e7\u00e3o intercalar da Estrat\u00e9gia para a Biodiversidade 2011-2020"},"content":{"rendered":"<p>A Comiss\u00e3o Europeia publicou no passado dia 5 de Outubro o <a href=\"http:\/\/ec.europa.eu\/environment\/nature\/biodiversity\/comm2006\/pdf\/mid_term_review.pdf\" target=\"_blank\" rel=\"noopener\">relat\u00f3rio intercalar<\/a>\u00a0(2011-2015) relativo ao estado de implementa\u00e7\u00e3o da <strong>Estrat\u00e9gia para a Biodiversidade 2011-2020<\/strong>, agora que se alcan\u00e7ou metade do prazo.<\/p>\n<p>A <a href=\"http:\/\/ec.europa.eu\/environment\/nature\/biodiversity\/comm2006\/2020.htm?utm_source=ep&amp;utm_medium=body&amp;utm_campaign=linktrack&amp;utm_content=wysiwyg&amp;\" target=\"_blank\" rel=\"noopener\">Estrat\u00e9gia da Uni\u00e3o Europeia para a Biodiversidade<\/a> tem como objectivo <strong>travar a perda de biodiversidade e a degrada\u00e7\u00e3o dos ecossistemas<\/strong>. Para tal, foram definidos seis objetivos a atingir at\u00e9 2020:<\/p>\n<ul>\n<li>Meta 1: Aplica\u00e7\u00e3o plena das Directivas Aves e Habitats<\/li>\n<li>Meta 2: Manuten\u00e7\u00e3o e recupera\u00e7\u00e3o dos ecossistemas e seus servi\u00e7os<\/li>\n<li>Meta 3: Refor\u00e7ar o contributo da agricultura e silvicultura para a manuten\u00e7\u00e3o e melhoria da biodiversidade<\/li>\n<li>Meta 4: Garantir a utiliza\u00e7\u00e3o sustent\u00e1vel dos recursos de pesca (e alcan\u00e7ar o \u201cbom estado\u201d ambiental das \u00e1guas)<\/li>\n<li>Meta 5: Controlo de esp\u00e9cies ex\u00f3ticas invasoras<\/li>\n<li>Meta 6: Contribui\u00e7\u00e3o no sentido de evitar a perda de biodiversidade global<\/li>\n<\/ul>\n<p>Para atingir cada uma destas metas, definiram-se 20 a\u00e7\u00f5es, cuja implementa\u00e7\u00e3o e resultados foram agora avaliados. Considerando as seis metas, o relat\u00f3rio menciona que: para quatro \u201cestamos no bom caminho, mas a velocidade \u00e9 insuficiente\u201d para alcan\u00e7ar os objetivos no prazo definido, uma (meta 3) \u201cn\u00e3o apresentou altera\u00e7\u00f5es significativas, n\u00e3o se est\u00e1 a caminhar no sentido do objetivo\u201d, e apenas uma (meta 5) teve nota positiva: \u201cno bom caminho e com boa taxa de implementa\u00e7\u00e3o\u201d. <a href=\"http:\/\/catalogue.biodiversity.europa.eu\/uploads\/document\/file\/1274\/MTR_leaflet_Final_version_09_10_2015.pdf\" target=\"_blank\" rel=\"noopener\">Aqui<\/a>, um folheto de divulga\u00e7\u00e3o destes resultados com gr\u00e1ficos e infografias.<\/p>\n<p>De facto, todos os dados atuais indicam que a biodiversidade est\u00e1 em perigo tanto a n\u00edvel mundial como na UE: as actuais taxas de extin\u00e7\u00e3o das esp\u00e9cies excedem 100 a 1.000 vezes a taxa de extin\u00e7\u00e3o natural, e apenas 17% das esp\u00e9cies e habitats e 11% dos ecossistemas protegidos na UE est\u00e3o em bom estado. E s\u00f3 a <strong><em>coopera\u00e7\u00e3o a n\u00edvel da UE permitir\u00e1 aos governos coordenar de forma mais eficaz as medidas destinadas a resolver este problema comum<\/em><\/strong>. Mais sobre este tema <a href=\"http:\/\/biodiversity.europa.eu\/\" target=\"_blank\" rel=\"noopener\">aqui<\/a>\u00a0(site oficial de informa\u00e7\u00e3o sobre biodiversidade da Uni\u00e3o Europeia).<\/p>\n<p>A Nemus, por via do seu dom\u00ednio de atua\u00e7\u00e3o ambiente, tem desenvolvido diversos projetos na \u00e1rea da biodiversidade e conserva\u00e7\u00e3o da natureza, da reabilita\u00e7\u00e3o ambiental, e ainda diversos estudos relacionados com a \u00e1gua e com as \u00e1reas marinhas e costeiras. Conhe\u00e7a alguns dos mais emblem\u00e1ticos <a href=\"http:\/\/www.nemus.pt\/pt\/projetos\/?category=ambiente\" target=\"_blank\" rel=\"noopener\">aqui<\/a>.<\/p>","protected":false},"excerpt":{"rendered":"<p>A Comiss\u00e3o Europeia publicou no passado dia 5 de Outubro o relat\u00f3rio intercalar\u00a0(2011-2015) relativo ao estado de implementa\u00e7\u00e3o da Estrat\u00e9gia para a Biodiversidade 2011-2020, agora que se alcan\u00e7ou metade do prazo. A Estrat\u00e9gia da Uni\u00e3o Europeia para a Biodiversidade tem &#8230;<\/p>\n","protected":false},"author":3,"featured_media":2701,"comment_status":"closed","ping_status":"open","sticky":false,"template":"","format":"standard","meta":{"_acf_changed":false,"footnotes":""},"categories":[26],"tags":[],"class_list":["post-2700","post","type-post","status-publish","format-standard","has-post-thumbnail","hentry","category-noticia"],"acf":[],"_links":{"self":[{"href":"https:\/\/www.nemus.pt\/pt\/wp-json\/wp\/v2\/posts\/2700","targetHints":{"allow":["GET"]}}],"collection":[{"href":"https:\/\/www.nemus.pt\/pt\/wp-json\/wp\/v2\/posts"}],"about":[{"href":"https:\/\/www.nemus.pt\/pt\/wp-json\/wp\/v2\/types\/post"}],"author":[{"embeddable":true,"href":"https:\/\/www.nemus.pt\/pt\/wp-json\/wp\/v2\/users\/3"}],"replies":[{"embeddable":true,"href":"https:\/\/www.nemus.pt\/pt\/wp-json\/wp\/v2\/comments?post=2700"}],"version-history":[{"count":0,"href":"https:\/\/www.nemus.pt\/pt\/wp-json\/wp\/v2\/posts\/2700\/revisions"}],"wp:featuredmedia":[{"embeddable":true,"href":"https:\/\/www.nemus.pt\/pt\/wp-json\/wp\/v2\/media\/2701"}],"wp:attachment":[{"href":"https:\/\/www.nemus.pt\/pt\/wp-json\/wp\/v2\/media?parent=2700"}],"wp:term":[{"taxonomy":"category","embeddable":true,"href":"https:\/\/www.nemus.pt\/pt\/wp-json\/wp\/v2\/categories?post=2700"},{"taxonomy":"post_tag","embeddable":true,"href":"https:\/\/www.nemus.pt\/pt\/wp-json\/wp\/v2\/tags?post=2700"}],"curies":[{"name":"wp","href":"https:\/\/api.w.org\/{rel}","templated":true}]}}