{"id":2704,"date":"2015-10-19T16:34:28","date_gmt":"2015-10-19T16:34:28","guid":{"rendered":"http:\/\/www.nemus.pt\/pt\/?p=2704"},"modified":"2022-07-27T06:39:04","modified_gmt":"2022-07-27T06:39:04","slug":"evento-de-coral-bleaching-previsto-para-2015-2016-2","status":"publish","type":"post","link":"https:\/\/www.nemus.pt\/pt\/evento-de-coral-bleaching-previsto-para-2015-2016\/","title":{"rendered":"Evento de coral bleaching previsto para 2015-2016"},"content":{"rendered":"<p>Pela primeira vez na Hist\u00f3ria, os cientistas est\u00e3o a conseguir prever um evento de \u201c<em>coral bleaching<\/em>\u201d (branqueamento de corais), de acordo com not\u00edcia publicada pelo globalcoralbleaching.org \u2013 parceiro da Universidade de Queensland, Austr\u00e1lia.<\/p>\n<p>O \u201c<em>coral bleaching<\/em>\u201d \u00e9 um evento repentino de mortalidade de recifes de coral, que se traduz no branqueamento dos recifes, n\u00e3o por mudan\u00e7a da sua cor, mas porque branco \u00e9 a cor dos seus esqueletos \u2013 a \u00fanica parte que sobra, quando o animais que os formam (p\u00f3lipos) morrem.<\/p>\n<p>O primeiro grande evento de \u201c<em>coral bleaching<\/em>\u201d aconteceu, ironicamente, no Ano Internacional dos Oceanos (1998), quando em Portugal se organizava a Expo\u201998 \u2013 Feira Internacional dedicada precisamente a celebrar o mar. Este evento de \u201c<em>coral bleaching<\/em>\u201d levou \u00e0 morte de 16% dos recifes de coral do mundo inteiro. A causa do evento misterioso s\u00f3 foi confirmada alguns anos mais tarde: uma \u201conda\u201d de aquecimento das \u00e1guas marinhas \u2013 provocada pelo El Ni\u00f1o desse ano \u2013 foi onde tudo come\u00e7ou.<\/p>\n<p>O segundo grande evento de \u201c<em>coral bleaching<\/em>\u201d aconteceu em 2010, tamb\u00e9m na sequ\u00eancia do El Ni\u00f1o desse ano.<\/p>\n<p>A NOAA (National Oceanic &amp; Atmospheric Administration) dos Estados Unidos est\u00e1 neste momento a prever um novo El Ni\u00f1o este ano (Inverno de 2015-2016), desta vez maior que os anteriores: espera-se a ocorr\u00eancia do terceiro grande evento de \u201c<em>coral bleaching<\/em>\u201d, que dever\u00e1 <strong>afetar 38% dos recifes de coral mundiais, matando 12.000km<sup>2<\/sup> deste ecossistema vital para os oceanos<\/strong>, que s\u00f3 ocorre nas zonas tropicais (entre as latitudes 30\u00baN e 30\u00baS), mas que \u00e9 o ecossistema marinho de maior produtividade e biodiversidade do planeta. De facto, os recifes de coral cobrem apenas 0,1% da superf\u00edcie oce\u00e2nica, mas suportam 25% das esp\u00e9cies marinhas: deles dependem cerca de 500 milh\u00f5es de pessoas.<\/p>\n<p>As altera\u00e7\u00f5es clim\u00e1ticas fazem hoje parte das not\u00edcias di\u00e1rias e passaram tamb\u00e9m a integrar, inevitavelmente, o quotidiano da Nemus, que se habituou a considerar esta quest\u00e3o em todos os seus estudos e interven\u00e7\u00f5es. Alguns exemplos podem ser consultados na \u00e1rea referente ao dom\u00ednio de atua\u00e7\u00e3o <a href=\"http:\/\/www.nemus.pt\/pt\/projetos\/?category=sustentabilidade\" target=\"_blank\" rel=\"noopener\">Sustentabilidade<\/a>, onde se inserem os projetos relacionados com: altera\u00e7\u00f5es clim\u00e1ticas, desenvolvimento sustent\u00e1vel, energias renov\u00e1veis e recursos naturais.<\/p>","protected":false},"excerpt":{"rendered":"<p>Pela primeira vez na Hist\u00f3ria, os cientistas est\u00e3o a conseguir prever um evento de \u201ccoral bleaching\u201d (branqueamento de corais), de acordo com not\u00edcia publicada pelo globalcoralbleaching.org \u2013 parceiro da Universidade de Queensland, Austr\u00e1lia. O \u201ccoral bleaching\u201d \u00e9 um evento repentino &#8230;<\/p>\n","protected":false},"author":3,"featured_media":2705,"comment_status":"closed","ping_status":"open","sticky":false,"template":"","format":"standard","meta":{"_acf_changed":false,"footnotes":""},"categories":[26],"tags":[],"class_list":["post-2704","post","type-post","status-publish","format-standard","has-post-thumbnail","hentry","category-noticia"],"acf":[],"_links":{"self":[{"href":"https:\/\/www.nemus.pt\/pt\/wp-json\/wp\/v2\/posts\/2704","targetHints":{"allow":["GET"]}}],"collection":[{"href":"https:\/\/www.nemus.pt\/pt\/wp-json\/wp\/v2\/posts"}],"about":[{"href":"https:\/\/www.nemus.pt\/pt\/wp-json\/wp\/v2\/types\/post"}],"author":[{"embeddable":true,"href":"https:\/\/www.nemus.pt\/pt\/wp-json\/wp\/v2\/users\/3"}],"replies":[{"embeddable":true,"href":"https:\/\/www.nemus.pt\/pt\/wp-json\/wp\/v2\/comments?post=2704"}],"version-history":[{"count":0,"href":"https:\/\/www.nemus.pt\/pt\/wp-json\/wp\/v2\/posts\/2704\/revisions"}],"wp:featuredmedia":[{"embeddable":true,"href":"https:\/\/www.nemus.pt\/pt\/wp-json\/wp\/v2\/media\/2705"}],"wp:attachment":[{"href":"https:\/\/www.nemus.pt\/pt\/wp-json\/wp\/v2\/media?parent=2704"}],"wp:term":[{"taxonomy":"category","embeddable":true,"href":"https:\/\/www.nemus.pt\/pt\/wp-json\/wp\/v2\/categories?post=2704"},{"taxonomy":"post_tag","embeddable":true,"href":"https:\/\/www.nemus.pt\/pt\/wp-json\/wp\/v2\/tags?post=2704"}],"curies":[{"name":"wp","href":"https:\/\/api.w.org\/{rel}","templated":true}]}}