{"id":2721,"date":"2016-03-14T11:11:47","date_gmt":"2016-03-14T11:11:47","guid":{"rendered":"http:\/\/www.nemus.pt\/pt\/?p=2721"},"modified":"2022-07-27T06:39:04","modified_gmt":"2022-07-27T06:39:04","slug":"novo-projeto-da-nemus-na-america-latina-modelacao-hidrogeologica-do-vale-central-da-costa-rica","status":"publish","type":"post","link":"https:\/\/www.nemus.pt\/pt\/novo-projeto-da-nemus-na-america-latina-modelacao-hidrogeologica-do-vale-central-da-costa-rica\/","title":{"rendered":"Novo projeto da Nemus na Am\u00e9rica Latina: Modela\u00e7\u00e3o Hidrogeol\u00f3gica do Vale Central da Costa Rica"},"content":{"rendered":"<p>A Nemus assinou no passado m\u00eas de Fevereiro em San Jos\u00e9, um novo contrato com o SENARA, instituto que regula a explora\u00e7\u00e3o das \u00e1guas subterr\u00e2neas na Costa Rica. Trata-se de um projeto que visa a otimiza\u00e7\u00e3o da explora\u00e7\u00e3o de \u00e1guas subterr\u00e2neas da zona do Vale Central da Costa Rica, atrav\u00e9s de t\u00e9cnicas avan\u00e7adas de an\u00e1lise geol\u00f3gica e hidrogeol\u00f3gica, incluindo modela\u00e7\u00e3o num\u00e9rica.<\/p>\n<p>Este primeiro grande projeto desenvolvido pela Nemus na Costa Rica compreender\u00e1 uma primeira fase de conceptualiza\u00e7\u00e3o de um modelo hidrogeol\u00f3gico para compreender o funcionamento dos aqu\u00edferos da zona do Vale Central, numa \u00e1rea de 451,61 km<sup>2<\/sup>. A regi\u00e3o abriga quase tr\u00eas quartos da popula\u00e7\u00e3o da Costa Rica e inclui a capital, e simultaneamente, a cidade mais populosa, San Jos\u00e9.<\/p>\n<p>O modelo permitir\u00e1 desenvolver ferramentas para melhorar a explora\u00e7\u00e3o dos aqu\u00edferos, tendo em vista a sua prote\u00e7\u00e3o e a produ\u00e7\u00e3o sustent\u00e1vel de \u00e1guas subterr\u00e2neas para todo o Vale Central. Os estudos pretendem determinar limites de produ\u00e7\u00e3o sustent\u00e1vel das \u00e1guas, estabelecendo diferentes padr\u00f5es de consumo, em fun\u00e7\u00e3o de diversos cen\u00e1rios de mudan\u00e7as no uso do solo e do efeito das altera\u00e7\u00f5es clim\u00e1ticas.<\/p>","protected":false},"excerpt":{"rendered":"<p>A Nemus assinou no passado m\u00eas de Fevereiro em San Jos\u00e9, um novo contrato com o SENARA, instituto que regula a explora\u00e7\u00e3o das \u00e1guas subterr\u00e2neas na Costa Rica. Trata-se de um projeto que visa a otimiza\u00e7\u00e3o da explora\u00e7\u00e3o de \u00e1guas &#8230;<\/p>\n","protected":false},"author":4,"featured_media":2731,"comment_status":"closed","ping_status":"open","sticky":false,"template":"","format":"standard","meta":{"_acf_changed":false,"footnotes":""},"categories":[26],"tags":[],"class_list":["post-2721","post","type-post","status-publish","format-standard","has-post-thumbnail","hentry","category-noticia"],"acf":[],"_links":{"self":[{"href":"https:\/\/www.nemus.pt\/pt\/wp-json\/wp\/v2\/posts\/2721","targetHints":{"allow":["GET"]}}],"collection":[{"href":"https:\/\/www.nemus.pt\/pt\/wp-json\/wp\/v2\/posts"}],"about":[{"href":"https:\/\/www.nemus.pt\/pt\/wp-json\/wp\/v2\/types\/post"}],"author":[{"embeddable":true,"href":"https:\/\/www.nemus.pt\/pt\/wp-json\/wp\/v2\/users\/4"}],"replies":[{"embeddable":true,"href":"https:\/\/www.nemus.pt\/pt\/wp-json\/wp\/v2\/comments?post=2721"}],"version-history":[{"count":0,"href":"https:\/\/www.nemus.pt\/pt\/wp-json\/wp\/v2\/posts\/2721\/revisions"}],"wp:featuredmedia":[{"embeddable":true,"href":"https:\/\/www.nemus.pt\/pt\/wp-json\/wp\/v2\/media\/2731"}],"wp:attachment":[{"href":"https:\/\/www.nemus.pt\/pt\/wp-json\/wp\/v2\/media?parent=2721"}],"wp:term":[{"taxonomy":"category","embeddable":true,"href":"https:\/\/www.nemus.pt\/pt\/wp-json\/wp\/v2\/categories?post=2721"},{"taxonomy":"post_tag","embeddable":true,"href":"https:\/\/www.nemus.pt\/pt\/wp-json\/wp\/v2\/tags?post=2721"}],"curies":[{"name":"wp","href":"https:\/\/api.w.org\/{rel}","templated":true}]}}