{"id":2778,"date":"2016-10-27T15:15:11","date_gmt":"2016-10-27T15:15:11","guid":{"rendered":"http:\/\/www.nemus.pt\/pt\/?p=2778"},"modified":"2022-07-27T06:39:04","modified_gmt":"2022-07-27T06:39:04","slug":"resumo-nao-tecnico-rnt-da-nemus-candidato-ao-premio-melhor-de-2016","status":"publish","type":"post","link":"https:\/\/www.nemus.pt\/pt\/resumo-nao-tecnico-rnt-da-nemus-candidato-ao-premio-melhor-de-2016\/","title":{"rendered":"Resumo N\u00e3o T\u00e9cnico (RNT) da Nemus candidato ao pr\u00e9mio \u201cmelhor de 2016\u201d"},"content":{"rendered":"<p>O Resumo N\u00e3o T\u00e9cnico (RNT) do Estudo de Impacte Ambiental (EIA) do projeto &#8220;Unidade Industrial de Lactic\u00ednios da Jer\u00f3nimo Martins&#8221;, elaborado pela Nemus, \u00e9 um dos cinco candidatos ao pr\u00e9mio <a href=\"http:\/\/www.apai.org.pt\/index.php?idmenu=253\" target=\"_blank\" rel=\"noopener\">\u201c<strong>Melhor RNT de EIA\u201d de 2016<\/strong><\/a>\u00a0atribu\u00eddo pela APAI &#8211; Associa\u00e7\u00e3o Portuguesa de Avalia\u00e7\u00e3o de Impactes.<\/p>\n<p>Os RNT s\u00e3o o meio de divulga\u00e7\u00e3o, por excel\u00eancia, do conte\u00fado dos EIA: s\u00e3o escritos em linguagem e com uma apresenta\u00e7\u00e3o acess\u00edvel \u00e0 generalidade do p\u00fablico e o seu principal objetivo \u00e9 servir de suporte \u00e0 participa\u00e7\u00e3o p\u00fablica \u2013 fase obrigat\u00f3ria de divulga\u00e7\u00e3o e rece\u00e7\u00e3o de contribui\u00e7\u00f5es de todos os interessados.<\/p>\n<p>Reconhecendo a import\u00e2ncia da participa\u00e7\u00e3o p\u00fablica, a APAI criou este pr\u00e9mio que \u00e9 atribu\u00eddo anualmente, para \u201c<em>chamar a aten\u00e7\u00e3o das entidades envolvidas e da sociedade em geral para a import\u00e2ncia da participa\u00e7\u00e3o p\u00fablica [nos processos de avalia\u00e7\u00e3o de impacto ambiental], bem como estimular a melhor pr\u00e1tica e a inova\u00e7\u00e3o na elabora\u00e7\u00e3o do RNT<\/em>\u201d.<\/p>\n<p>A Nemus aguarda agora a decis\u00e3o final do j\u00fari. A entrega do pr\u00e9mio decorrer\u00e1 em cerim\u00f3nia p\u00fablica at\u00e9 ao final de novembro.<\/p>","protected":false},"excerpt":{"rendered":"<p>O Resumo N\u00e3o T\u00e9cnico (RNT) do Estudo de Impacte Ambiental (EIA) do projeto &#8220;Unidade Industrial de Lactic\u00ednios da Jer\u00f3nimo Martins&#8221;, elaborado pela Nemus, \u00e9 um dos cinco candidatos ao pr\u00e9mio \u201cMelhor RNT de EIA\u201d de 2016\u00a0atribu\u00eddo pela APAI &#8211; Associa\u00e7\u00e3o &#8230;<\/p>\n","protected":false},"author":3,"featured_media":2779,"comment_status":"closed","ping_status":"open","sticky":false,"template":"","format":"standard","meta":{"_acf_changed":false,"footnotes":""},"categories":[26],"tags":[],"class_list":["post-2778","post","type-post","status-publish","format-standard","has-post-thumbnail","hentry","category-noticia"],"acf":[],"_links":{"self":[{"href":"https:\/\/www.nemus.pt\/pt\/wp-json\/wp\/v2\/posts\/2778","targetHints":{"allow":["GET"]}}],"collection":[{"href":"https:\/\/www.nemus.pt\/pt\/wp-json\/wp\/v2\/posts"}],"about":[{"href":"https:\/\/www.nemus.pt\/pt\/wp-json\/wp\/v2\/types\/post"}],"author":[{"embeddable":true,"href":"https:\/\/www.nemus.pt\/pt\/wp-json\/wp\/v2\/users\/3"}],"replies":[{"embeddable":true,"href":"https:\/\/www.nemus.pt\/pt\/wp-json\/wp\/v2\/comments?post=2778"}],"version-history":[{"count":0,"href":"https:\/\/www.nemus.pt\/pt\/wp-json\/wp\/v2\/posts\/2778\/revisions"}],"wp:featuredmedia":[{"embeddable":true,"href":"https:\/\/www.nemus.pt\/pt\/wp-json\/wp\/v2\/media\/2779"}],"wp:attachment":[{"href":"https:\/\/www.nemus.pt\/pt\/wp-json\/wp\/v2\/media?parent=2778"}],"wp:term":[{"taxonomy":"category","embeddable":true,"href":"https:\/\/www.nemus.pt\/pt\/wp-json\/wp\/v2\/categories?post=2778"},{"taxonomy":"post_tag","embeddable":true,"href":"https:\/\/www.nemus.pt\/pt\/wp-json\/wp\/v2\/tags?post=2778"}],"curies":[{"name":"wp","href":"https:\/\/api.w.org\/{rel}","templated":true}]}}