{"id":2793,"date":"2016-12-05T16:36:41","date_gmt":"2016-12-05T16:36:41","guid":{"rendered":"http:\/\/www.nemus.pt\/pt\/?p=2793"},"modified":"2022-07-27T06:39:04","modified_gmt":"2022-07-27T06:39:04","slug":"estrategia-redd-para-mocambique-aprovada-pelo-governo","status":"publish","type":"post","link":"https:\/\/www.nemus.pt\/pt\/estrategia-redd-para-mocambique-aprovada-pelo-governo\/","title":{"rendered":"Estrat\u00e9gia REDD+ para Mo\u00e7ambique aprovada pelo Governo"},"content":{"rendered":"<p>O Governo de Mo\u00e7ambique aprovou, no passado dia 29 de Novembro, em Conselho de Ministros, a Estrat\u00e9gia Nacional para a <strong>Redu\u00e7\u00e3o de Emiss\u00f5es por Desmatamento e Degrada\u00e7\u00e3o Florestal<\/strong>, Conserva\u00e7\u00e3o de Florestas e Aumento de Reservas de Carbono Atrav\u00e9s de Florestas (<strong>REDD+<\/strong>).<\/p>\n<p>Nesta Estrat\u00e9gia Nacional est\u00e3o espelhadas as an\u00e1lises, conclus\u00f5es e programas de a\u00e7\u00e3o elaborados pela Nemus (em cons\u00f3rcio com empresa local BETA), nomeadamente no que respeita \u00e0s <strong>quest\u00f5es legais<\/strong>, \u00e0 <strong>articula\u00e7\u00e3o institucional<\/strong> e \u00e0s formas de <strong>financiamento e de distribui\u00e7\u00e3o de benef\u00edcios<\/strong> (ver <a href=\"http:\/\/www.nemus.pt\/pt\/projetos\/politicas-publicas\/\" target=\"_blank\" rel=\"noopener\">ficha de projeto<\/a>).<\/p>\n<p>Do estudo feito pelo cons\u00f3rcio, resultaram <strong>v\u00e1rias propostas de altera\u00e7\u00f5es legislativas<\/strong> para garantir o sucesso da implementa\u00e7\u00e3o do REDD+ no pa\u00eds. Foram ainda <strong>propostos 3 novos arranjos institucionais<\/strong> (de curto, m\u00e9dio e longo prazo) que permitir\u00e3o solucionar 10 lacunas, constrangimentos e contradi\u00e7\u00f5es identificadas ao n\u00edvel institucional. Por fim, ao n\u00edvel da <strong>distribui\u00e7\u00e3o de benef\u00edcios, foi criado um modelo de base territorial<\/strong> (por oposi\u00e7\u00e3o a um modelo de base institucional) que assenta em quatro princ\u00edpios que dever\u00e3o assegurar que 70% das receitas totais ficar\u00e3o retidos na regi\u00e3o de influ\u00eancia (a maior parte destinada a investimentos nas comunidades locais), premiando diretamente as popula\u00e7\u00f5es que tenham mais sucesso na redu\u00e7\u00e3o das taxas de desmata\u00e7\u00e3o.<\/p>\n<p>Estima-se que anualmente 220.000 hectares sejam alvo de desmata\u00e7\u00e3o, em Mo\u00e7ambique. Os motivos que levam ao derrube de \u00e1rvores e elimina\u00e7\u00e3o de extensas \u00e1reas florestais s\u00e3o diversos: desde a produ\u00e7\u00e3o energ\u00e9tica (82% da popula\u00e7\u00e3o depende da madeira para esse fim), at\u00e9 \u00e0 agricultura itinerante (65% das zonas florestais s\u00e3o queimadas para implementar \u00e1reas agr\u00edcolas), passando pela expans\u00e3o urbana e infraestruturas, e pela explora\u00e7\u00e3o dos produtos florestais para exporta\u00e7\u00e3o, alimenta\u00e7\u00e3o, constru\u00e7\u00e3o e medicina tradicional.<\/p>\n<p>As consequ\u00eancias da desmata\u00e7\u00e3o fazem-se sentir n\u00e3o apenas localmente mas por todo o mundo. De facto, cerca de <strong>18% das emiss\u00f5es de gases com efeito de estufa (GEE) prov\u00eam do desmatamento<\/strong>, sendo esta a segunda causa mais importante, logo a seguir ao setor energ\u00e9tico, respons\u00e1vel pela emiss\u00e3o de 24% dos GEE. Sendo das principais causas de emiss\u00f5es de GEE, a desmata\u00e7\u00e3o \u00e9 simultaneamente aquela cuja resolu\u00e7\u00e3o tem menos custos. Foi neste contexto que surgiu a estrat\u00e9gia REDD+ que pretende \u201cpromover interven\u00e7\u00f5es multissectoriais integradas para a redu\u00e7\u00e3o das emiss\u00f5es de carbono associadas ao uso e mudan\u00e7as do uso e cobertura da terra atrav\u00e9s da ader\u00eancia aos princ\u00edpios de maneio sustent\u00e1vel dos ecossistemas florestais (naturais e plantados) contribuindo para os esfor\u00e7os globais da mitiga\u00e7\u00e3o e adapta\u00e7\u00e3o \u00e0s mudan\u00e7as clim\u00e1ticas e desenvolvimento rural integrado e sustent\u00e1vel\u201d.<\/p>\n<p><em>[Mais sobre a aprova\u00e7\u00e3o da Estrat\u00e9gia Nacional REDD+ <a href=\"http:\/\/redd.org.mz\/page.php?id=108\" target=\"_blank\" rel=\"noopener\"><strong>aqui<\/strong><\/a>]<\/em><\/p>","protected":false},"excerpt":{"rendered":"<p>O Governo de Mo\u00e7ambique aprovou, no passado dia 29 de Novembro, em Conselho de Ministros, a Estrat\u00e9gia Nacional para a Redu\u00e7\u00e3o de Emiss\u00f5es por Desmatamento e Degrada\u00e7\u00e3o Florestal, Conserva\u00e7\u00e3o de Florestas e Aumento de Reservas de Carbono Atrav\u00e9s de Florestas &#8230;<\/p>\n","protected":false},"author":3,"featured_media":2794,"comment_status":"closed","ping_status":"open","sticky":false,"template":"","format":"standard","meta":{"_acf_changed":false,"footnotes":""},"categories":[26],"tags":[],"class_list":["post-2793","post","type-post","status-publish","format-standard","has-post-thumbnail","hentry","category-noticia"],"acf":[],"_links":{"self":[{"href":"https:\/\/www.nemus.pt\/pt\/wp-json\/wp\/v2\/posts\/2793","targetHints":{"allow":["GET"]}}],"collection":[{"href":"https:\/\/www.nemus.pt\/pt\/wp-json\/wp\/v2\/posts"}],"about":[{"href":"https:\/\/www.nemus.pt\/pt\/wp-json\/wp\/v2\/types\/post"}],"author":[{"embeddable":true,"href":"https:\/\/www.nemus.pt\/pt\/wp-json\/wp\/v2\/users\/3"}],"replies":[{"embeddable":true,"href":"https:\/\/www.nemus.pt\/pt\/wp-json\/wp\/v2\/comments?post=2793"}],"version-history":[{"count":0,"href":"https:\/\/www.nemus.pt\/pt\/wp-json\/wp\/v2\/posts\/2793\/revisions"}],"wp:featuredmedia":[{"embeddable":true,"href":"https:\/\/www.nemus.pt\/pt\/wp-json\/wp\/v2\/media\/2794"}],"wp:attachment":[{"href":"https:\/\/www.nemus.pt\/pt\/wp-json\/wp\/v2\/media?parent=2793"}],"wp:term":[{"taxonomy":"category","embeddable":true,"href":"https:\/\/www.nemus.pt\/pt\/wp-json\/wp\/v2\/categories?post=2793"},{"taxonomy":"post_tag","embeddable":true,"href":"https:\/\/www.nemus.pt\/pt\/wp-json\/wp\/v2\/tags?post=2793"}],"curies":[{"name":"wp","href":"https:\/\/api.w.org\/{rel}","templated":true}]}}