{"id":2833,"date":"2017-09-12T13:31:25","date_gmt":"2017-09-12T13:31:25","guid":{"rendered":"http:\/\/www.nemus.pt\/pt\/?p=2833"},"modified":"2022-07-27T06:38:48","modified_gmt":"2022-07-27T06:38:48","slug":"curso-intensivo-de-gestao-sustentavel-das-zonas-humidas-no-ruanda","status":"publish","type":"post","link":"https:\/\/www.nemus.pt\/pt\/curso-intensivo-de-gestao-sustentavel-das-zonas-humidas-no-ruanda\/","title":{"rendered":"Curso Intensivo de Gest\u00e3o Sustent\u00e1vel das Zonas H\u00famidas no Ruanda"},"content":{"rendered":"<p>A Nemus concretizou no m\u00eas passado o curso de forma\u00e7\u00e3o intensivo em Gest\u00e3o Sustent\u00e1vel de Zonas H\u00famidas no Ruanda. O curso realizou-se de 28 a 31 de agosto e foi financiado pelo Banco Mundial.<\/p>\n<p>Participaram cerca de 20 t\u00e9cnicos do Governo Central e de Governos Distritais, destacando-se a presen\u00e7a de v\u00e1rios t\u00e9cnicos do REMA (Autoridade de Gest\u00e3o Ambiental do Ruanda &#8211; <em>Rwanda Environment Management Authority<\/em>), da RWFA (Autoridade de Gest\u00e3o Ambiental do Ruanda &#8211; <em>Rwanda Water and Forestry Authority<\/em>), do MINIREMA (Autoridade de Gest\u00e3o Ambiental do Ruanda &#8211; <em>Ministry of Natural Resources<\/em>) e da C\u00e2mara Municipal de Kigali (<em>City Council of Kigali<\/em>)<em>.<\/em><\/p>\n<p>Por parte da Nemus participaram como formadores Pedro Bettencourt (Coordenador, Ge\u00f3logo), Carlos C\u00e9sar Jesus (Ge\u00f3logo), Gisela Sousa e Samuel Nshutiyayesu (Bi\u00f3logos), Elisabete Teixeira e Lu\u00eds Cabral (Arquitetos Paisagistas) e Camille Nyamihana (Ge\u00f3grafo).<\/p>\n<p>O curso de forma\u00e7\u00e3o contemplou um conjunto de <strong>v\u00e1rios m\u00f3dulos te\u00f3rico-pr\u00e1ticos <\/strong>que abordaram o estudo do ambiente f\u00edsico, o planeamento e gest\u00e3o das \u00e1reas h\u00famidas, a ecologia e restauro das \u00e1reas de estudo e o planeamento, projeto executivo e engenharia. Realizou-se tamb\u00e9m uma visita de campo \u00e0s zonas h\u00famidas de Kigali e arredores, permitindo alcan\u00e7ar-se uma melhor compreens\u00e3o das propostas de restauro para as \u00e1reas afetadas.<\/p>\n<p>Posteriormente o curso foi complementado por um <strong>workshop<\/strong>, realizado a norte do Ruanda para apresenta\u00e7\u00e3o e discuss\u00e3o do Plano de Gest\u00e3o das zonas h\u00famidas de Kigali. O workshop realizou-se em parceria com a Autoridade de Gest\u00e3o Ambiental do Ruanda (REMA), com o objetivo de ser apresentado e validado o relat\u00f3rio preliminar sobre os Planos de Gest\u00e3o Detalhados das Sub-bacias dos Sistemas de Zonas H\u00famidas de Gikondo e Nyabugogo.<\/p>","protected":false},"excerpt":{"rendered":"<p>A Nemus concretizou no m\u00eas passado o curso de forma\u00e7\u00e3o intensivo em Gest\u00e3o Sustent\u00e1vel de Zonas H\u00famidas no Ruanda. O curso realizou-se de 28 a 31 de agosto e foi financiado pelo Banco Mundial. Participaram cerca de 20 t\u00e9cnicos do &#8230;<\/p>\n","protected":false},"author":4,"featured_media":2832,"comment_status":"closed","ping_status":"open","sticky":false,"template":"","format":"standard","meta":{"_acf_changed":false,"footnotes":""},"categories":[26],"tags":[],"class_list":["post-2833","post","type-post","status-publish","format-standard","has-post-thumbnail","hentry","category-noticia"],"acf":[],"_links":{"self":[{"href":"https:\/\/www.nemus.pt\/pt\/wp-json\/wp\/v2\/posts\/2833","targetHints":{"allow":["GET"]}}],"collection":[{"href":"https:\/\/www.nemus.pt\/pt\/wp-json\/wp\/v2\/posts"}],"about":[{"href":"https:\/\/www.nemus.pt\/pt\/wp-json\/wp\/v2\/types\/post"}],"author":[{"embeddable":true,"href":"https:\/\/www.nemus.pt\/pt\/wp-json\/wp\/v2\/users\/4"}],"replies":[{"embeddable":true,"href":"https:\/\/www.nemus.pt\/pt\/wp-json\/wp\/v2\/comments?post=2833"}],"version-history":[{"count":0,"href":"https:\/\/www.nemus.pt\/pt\/wp-json\/wp\/v2\/posts\/2833\/revisions"}],"wp:featuredmedia":[{"embeddable":true,"href":"https:\/\/www.nemus.pt\/pt\/wp-json\/wp\/v2\/media\/2832"}],"wp:attachment":[{"href":"https:\/\/www.nemus.pt\/pt\/wp-json\/wp\/v2\/media?parent=2833"}],"wp:term":[{"taxonomy":"category","embeddable":true,"href":"https:\/\/www.nemus.pt\/pt\/wp-json\/wp\/v2\/categories?post=2833"},{"taxonomy":"post_tag","embeddable":true,"href":"https:\/\/www.nemus.pt\/pt\/wp-json\/wp\/v2\/tags?post=2833"}],"curies":[{"name":"wp","href":"https:\/\/api.w.org\/{rel}","templated":true}]}}