{"id":2834,"date":"2017-09-25T11:11:59","date_gmt":"2017-09-25T11:11:59","guid":{"rendered":"http:\/\/www.nemus.pt\/pt\/?p=2834"},"modified":"2022-07-27T06:38:48","modified_gmt":"2022-07-27T06:38:48","slug":"workshops-do-plano-de-macrozoneamento-ecologico-economico-macrozee-da-bacia-hidrografica-do-rio-sao-francisco","status":"publish","type":"post","link":"https:\/\/www.nemus.pt\/pt\/workshops-do-plano-de-macrozoneamento-ecologico-economico-macrozee-da-bacia-hidrografica-do-rio-sao-francisco\/","title":{"rendered":"Workshops do Plano de Macrozoneamento Ecol\u00f3gico-Econ\u00f3mico (MacroZEE) da Bacia Hidrogr\u00e1fica do Rio S\u00e3o Francisco"},"content":{"rendered":"<p>No \u00e2mbito da elabora\u00e7\u00e3o do Plano de Macrozoneamento Ecol\u00f3gico Econ\u00f3mico da Bacia de S\u00e3o Francisco (MacroZEE), no Brasil, a NEMUS organizou um conjunto de 7 workshops tem\u00e1ticos em Bras\u00edlia.<\/p>\n<p>Os workshops decorreram entre os dias 13 e 22 de Setembro, no Minist\u00e9rio do Ambiente do Brasil e incluiram uma discuss\u00e3o dos resultados j\u00e1 alcan\u00e7ados em diferentes foruns e segmentos, concretamente na \u00e1rea de infraestrutura e modais log\u00edsticos; ind\u00fastria e minera\u00e7\u00e3o; matriz energ\u00e9tica; patr\u00edm\u00f3nio f\u00edsico-cultural; expans\u00e3o urbana e saneamento; agricultura, pecu\u00e1ria e silvicultura; e preserva\u00e7\u00e3o e conserva\u00e7\u00e3o ambiental.<\/p>\n<p>Nos workshops estiveram representadas 60 institui\u00e7\u00f5es e atores de todas as regi\u00f5es fisiogr\u00e1ficas da bacia, onde participaram representantes da Ag\u00eancia Nacional da \u00c1gua (ANA), do Instituto Brasileiro de Geografia e Estat\u00edstica (IBGE), do Comit\u00e9 da Bacia Hidrogr\u00e1fica de S\u00e3o Francisco, do Minist\u00e9rio dos Transportes, Portos e Avia\u00e7\u00e3o Civil, do Minist\u00e9rio da Defesa, entre outros representantes estaduais, setoriais e institui\u00e7\u00f5es da sociedade civil.<\/p>\n<p>A realiza\u00e7\u00e3o destas oficinas permitiu envolver os diversos atores e institui\u00e7\u00f5es estrat\u00e9gicas no projeto do MacroZEE, assumindo como principais objetivos obter uma valida\u00e7\u00e3o cr\u00edtica dos resultados alcan\u00e7ados e fomentar uma discuss\u00e3o enriquecedora para o trabalho, nomeadamente sobre quest\u00f5es relacionadas com a gest\u00e3o e o ordenamento do territ\u00f3rio, a gest\u00e3o dos recursos naturais e a conserva\u00e7\u00e3o da natureza e da biodiversidade.<\/p>\n<p>Atrav\u00e9s do seguinte link pode tamb\u00e9m consultar a not\u00edcia publicada na p\u00e1gina do Minist\u00e9rio do Meio Ambiente sobre a realiza\u00e7\u00e3o das oficinas:\u00a0<a href=\"http:\/\/www.mma.gov.br\/index.php\/comunicacao\/agencia-informma?view=blog&amp;id=2574\" target=\"_blank\" rel=\"noopener\">link<\/a><\/p>","protected":false},"excerpt":{"rendered":"<p>No \u00e2mbito da elabora\u00e7\u00e3o do Plano de Macrozoneamento Ecol\u00f3gico Econ\u00f3mico da Bacia de S\u00e3o Francisco (MacroZEE), no Brasil, a NEMUS organizou um conjunto de 7 workshops tem\u00e1ticos em Bras\u00edlia. Os workshops decorreram entre os dias 13 e 22 de Setembro, &#8230;<\/p>\n","protected":false},"author":4,"featured_media":2843,"comment_status":"closed","ping_status":"open","sticky":false,"template":"","format":"standard","meta":{"_acf_changed":false,"footnotes":""},"categories":[26],"tags":[],"class_list":["post-2834","post","type-post","status-publish","format-standard","has-post-thumbnail","hentry","category-noticia"],"acf":[],"_links":{"self":[{"href":"https:\/\/www.nemus.pt\/pt\/wp-json\/wp\/v2\/posts\/2834","targetHints":{"allow":["GET"]}}],"collection":[{"href":"https:\/\/www.nemus.pt\/pt\/wp-json\/wp\/v2\/posts"}],"about":[{"href":"https:\/\/www.nemus.pt\/pt\/wp-json\/wp\/v2\/types\/post"}],"author":[{"embeddable":true,"href":"https:\/\/www.nemus.pt\/pt\/wp-json\/wp\/v2\/users\/4"}],"replies":[{"embeddable":true,"href":"https:\/\/www.nemus.pt\/pt\/wp-json\/wp\/v2\/comments?post=2834"}],"version-history":[{"count":0,"href":"https:\/\/www.nemus.pt\/pt\/wp-json\/wp\/v2\/posts\/2834\/revisions"}],"wp:featuredmedia":[{"embeddable":true,"href":"https:\/\/www.nemus.pt\/pt\/wp-json\/wp\/v2\/media\/2843"}],"wp:attachment":[{"href":"https:\/\/www.nemus.pt\/pt\/wp-json\/wp\/v2\/media?parent=2834"}],"wp:term":[{"taxonomy":"category","embeddable":true,"href":"https:\/\/www.nemus.pt\/pt\/wp-json\/wp\/v2\/categories?post=2834"},{"taxonomy":"post_tag","embeddable":true,"href":"https:\/\/www.nemus.pt\/pt\/wp-json\/wp\/v2\/tags?post=2834"}],"curies":[{"name":"wp","href":"https:\/\/api.w.org\/{rel}","templated":true}]}}