{"id":2854,"date":"2017-02-17T19:55:03","date_gmt":"2017-02-17T19:55:03","guid":{"rendered":"http:\/\/www.nemus.pt\/pt\/?p=2854"},"modified":"2022-07-27T06:39:04","modified_gmt":"2022-07-27T06:39:04","slug":"macrozee-da-bacia-hidrografica-do-rio-sao-francisco-brasil","status":"publish","type":"post","link":"https:\/\/www.nemus.pt\/pt\/macrozee-da-bacia-hidrografica-do-rio-sao-francisco-brasil\/","title":{"rendered":"MacroZEE da Bacia Hidrogr\u00e1fica do Rio S\u00e3o Francisco, Brasil"},"content":{"rendered":"<p>A NEMUS vai dar in\u00edcio a um novo projeto no Brasil, que ser\u00e1 desenvolvido para o Minist\u00e9rio do Meio Ambiente, nomeadamente para a Secretaria de Recursos H\u00eddricos e Qualidade Ambiental. Trata-se de um projeto que visa a elabora\u00e7\u00e3o do progn\u00f3stico e dos subs\u00eddios \u00e0 implementa\u00e7\u00e3o do Macrozoneamento Ecol\u00f3gico-Econ\u00f3mico (MacroZEE) da Bacia Hidrogr\u00e1fica do Rio S\u00e3o Francisco, a maior bacia inteiramente do Brasil, com 641,000 km\u00b2, que abrange 7 federa\u00e7\u00f5es e est\u00e1 dividida em 4 regi\u00f5es fisiogr\u00e1ficas.<\/p>\n<p>O projeto, que ter\u00e1 a dura\u00e7\u00e3o de 18 meses, compreende a elabora\u00e7\u00e3o de uma an\u00e1lise estrat\u00e9gica da Bacia Hidrogr\u00e1fica, a constru\u00e7\u00e3o de cen\u00e1rios prospetivos tendenciais e alternativos nos horizontes de 2027 e 2040, uma proposta de zoneamento e estabelecimento de diretrizes de uso e ocupa\u00e7\u00e3o do territ\u00f3rio, e ainda, de um plano de a\u00e7\u00e3o das diretrizes e indicadores de monitoramento e avalia\u00e7\u00e3o da implementa\u00e7\u00e3o do MacroZEE.<\/p>\n<p>Para al\u00e9m da estrutura\u00e7\u00e3o de um Banco de Dados Geogr\u00e1ficos, de um cat\u00e1logo de metadados e um atlas digital interativo, o trabalho englobar\u00e1 tamb\u00e9m o planeamento de <strong>7 oficinas participativas<\/strong> e <strong>12 mesas de di\u00e1logo<\/strong> com os diversos atores e institui\u00e7\u00f5es estrat\u00e9gicas representativos de todas as regi\u00f5es fisiogr\u00e1ficas, com o objetivo de apresentar e discutir os cen\u00e1rios prospetivos e propostas de gest\u00e3o para esta importante Bacia Hidrogr\u00e1fica.<\/p>\n<p>Financiado pelo Banco Mundial, este \u00e9 j\u00e1 o 2\u00ba projeto elaborado pela NEMUS nesta vasta Bacia Hidrogr\u00e1fica, que precede o <em>Plano de Recursos H\u00eddricos da Bacia Hidrogr\u00e1fica do Rio S\u00e3o Francisco (2016-2025)<\/em>, aprovado pelos 62 membros do Comit\u00ea desta Bacia em Setembro de 2016.<\/p>","protected":false},"excerpt":{"rendered":"<p>A NEMUS vai dar in\u00edcio a um novo projeto no Brasil, que ser\u00e1 desenvolvido para o Minist\u00e9rio do Meio Ambiente, nomeadamente para a Secretaria de Recursos H\u00eddricos e Qualidade Ambiental. Trata-se de um projeto que visa a elabora\u00e7\u00e3o do progn\u00f3stico &#8230;<\/p>\n","protected":false},"author":4,"featured_media":2856,"comment_status":"closed","ping_status":"open","sticky":false,"template":"","format":"standard","meta":{"_acf_changed":false,"footnotes":""},"categories":[26],"tags":[],"class_list":["post-2854","post","type-post","status-publish","format-standard","has-post-thumbnail","hentry","category-noticia"],"acf":[],"_links":{"self":[{"href":"https:\/\/www.nemus.pt\/pt\/wp-json\/wp\/v2\/posts\/2854","targetHints":{"allow":["GET"]}}],"collection":[{"href":"https:\/\/www.nemus.pt\/pt\/wp-json\/wp\/v2\/posts"}],"about":[{"href":"https:\/\/www.nemus.pt\/pt\/wp-json\/wp\/v2\/types\/post"}],"author":[{"embeddable":true,"href":"https:\/\/www.nemus.pt\/pt\/wp-json\/wp\/v2\/users\/4"}],"replies":[{"embeddable":true,"href":"https:\/\/www.nemus.pt\/pt\/wp-json\/wp\/v2\/comments?post=2854"}],"version-history":[{"count":0,"href":"https:\/\/www.nemus.pt\/pt\/wp-json\/wp\/v2\/posts\/2854\/revisions"}],"wp:featuredmedia":[{"embeddable":true,"href":"https:\/\/www.nemus.pt\/pt\/wp-json\/wp\/v2\/media\/2856"}],"wp:attachment":[{"href":"https:\/\/www.nemus.pt\/pt\/wp-json\/wp\/v2\/media?parent=2854"}],"wp:term":[{"taxonomy":"category","embeddable":true,"href":"https:\/\/www.nemus.pt\/pt\/wp-json\/wp\/v2\/categories?post=2854"},{"taxonomy":"post_tag","embeddable":true,"href":"https:\/\/www.nemus.pt\/pt\/wp-json\/wp\/v2\/tags?post=2854"}],"curies":[{"name":"wp","href":"https:\/\/api.w.org\/{rel}","templated":true}]}}