{"id":2862,"date":"2017-11-09T13:13:07","date_gmt":"2017-11-09T13:13:07","guid":{"rendered":"http:\/\/www.nemus.pt\/pt\/?p=2862"},"modified":"2022-07-27T06:38:48","modified_gmt":"2022-07-27T06:38:48","slug":"avaliacao-de-impactos-do-programa-apl2-financiado-pelo-banco-mundial","status":"publish","type":"post","link":"https:\/\/www.nemus.pt\/pt\/avaliacao-de-impactos-do-programa-apl2-financiado-pelo-banco-mundial\/","title":{"rendered":"Avalia\u00e7\u00e3o de Impactos do Programa APL2, financiado pelo Banco Mundial"},"content":{"rendered":"<p>A NEMUS, em conjunto com a sua empresa-irm\u00e3, a NEMUS \u00c1frica, assinou esta semana um contrato com a Administra\u00e7\u00e3o Nacional de Estradas (ANE) de Mo\u00e7ambique, para a realiza\u00e7\u00e3o de uma Avalia\u00e7\u00e3o de Impactos do Programa<em> Adaptative Program Loans (APL) 2<\/em>, financiado pelo Banco Mundial.<\/p>\n<p>Este programa insere-se no prop\u00f3sito do Governo de Mo\u00e7ambique de melhorar a rede prim\u00e1ria de estradas do pa\u00eds, uma vasta e importante rede que permite, em m\u00e9dia, a mobiliza\u00e7\u00e3o de mais de 2000 ve\u00edculos por dia e na qual j\u00e1 foram reabilitados mais de 600 km de estradas.<\/p>\n<p>O principal objetivo desta consultoria \u00e9 avaliar os impactos que a reabilita\u00e7\u00e3o e manuten\u00e7\u00e3o destas estradas provoca na melhoria das condi\u00e7\u00f5es de vida das popula\u00e7\u00f5es, nomeadamente na melhoria de acesso aos servi\u00e7os p\u00fablicos (educa\u00e7\u00e3o, sa\u00fade, transportes, etc.), na melhoria do acesso aos mercados, e tamb\u00e9m os impactos associados \u00e0 cria\u00e7\u00e3o de emprego e desenvolvimento do com\u00e9rcio local.<\/p>\n<p>A realiza\u00e7\u00e3o deste estudo vem representar um contributo importante para o setor das estradas em Mo\u00e7ambique, na medida em que permitir\u00e1 evidenciar os impactos reais do investimento que tem vindo a ser feito e possibilitar\u00e1 um melhor conhecimento da situa\u00e7\u00e3o atual e das necessidades de investimento futuro neste setor.<\/p>","protected":false},"excerpt":{"rendered":"<p>A NEMUS, em conjunto com a sua empresa-irm\u00e3, a NEMUS \u00c1frica, assinou esta semana um contrato com a Administra\u00e7\u00e3o Nacional de Estradas (ANE) de Mo\u00e7ambique, para a realiza\u00e7\u00e3o de uma Avalia\u00e7\u00e3o de Impactos do Programa Adaptative Program Loans (APL) 2, &#8230;<\/p>\n","protected":false},"author":4,"featured_media":2863,"comment_status":"closed","ping_status":"open","sticky":false,"template":"","format":"standard","meta":{"_acf_changed":false,"footnotes":""},"categories":[26],"tags":[],"class_list":["post-2862","post","type-post","status-publish","format-standard","has-post-thumbnail","hentry","category-noticia"],"acf":[],"_links":{"self":[{"href":"https:\/\/www.nemus.pt\/pt\/wp-json\/wp\/v2\/posts\/2862","targetHints":{"allow":["GET"]}}],"collection":[{"href":"https:\/\/www.nemus.pt\/pt\/wp-json\/wp\/v2\/posts"}],"about":[{"href":"https:\/\/www.nemus.pt\/pt\/wp-json\/wp\/v2\/types\/post"}],"author":[{"embeddable":true,"href":"https:\/\/www.nemus.pt\/pt\/wp-json\/wp\/v2\/users\/4"}],"replies":[{"embeddable":true,"href":"https:\/\/www.nemus.pt\/pt\/wp-json\/wp\/v2\/comments?post=2862"}],"version-history":[{"count":0,"href":"https:\/\/www.nemus.pt\/pt\/wp-json\/wp\/v2\/posts\/2862\/revisions"}],"wp:featuredmedia":[{"embeddable":true,"href":"https:\/\/www.nemus.pt\/pt\/wp-json\/wp\/v2\/media\/2863"}],"wp:attachment":[{"href":"https:\/\/www.nemus.pt\/pt\/wp-json\/wp\/v2\/media?parent=2862"}],"wp:term":[{"taxonomy":"category","embeddable":true,"href":"https:\/\/www.nemus.pt\/pt\/wp-json\/wp\/v2\/categories?post=2862"},{"taxonomy":"post_tag","embeddable":true,"href":"https:\/\/www.nemus.pt\/pt\/wp-json\/wp\/v2\/tags?post=2862"}],"curies":[{"name":"wp","href":"https:\/\/api.w.org\/{rel}","templated":true}]}}