{"id":2907,"date":"2018-06-07T11:02:04","date_gmt":"2018-06-07T11:02:04","guid":{"rendered":"http:\/\/www.nemus.pt\/pt\/?p=2907"},"modified":"2022-07-27T06:38:48","modified_gmt":"2022-07-27T06:38:48","slug":"publicacao-internacional-de-artigo-por-colaborador-carlos-cesar-jesus-da-nemus","status":"publish","type":"post","link":"https:\/\/www.nemus.pt\/pt\/publicacao-internacional-de-artigo-por-colaborador-carlos-cesar-jesus-da-nemus\/","title":{"rendered":"Publica\u00e7\u00e3o internacional de artigo por colaborador Carlos C\u00e9sar Jesus da Nemus"},"content":{"rendered":"<p>A Nemus congratula o colaborador Carlos C\u00e9sar Jesus pela recente publica\u00e7\u00e3o do artigo \u201cUnderstanding Constraints and Triggering Factors of Landslides: Regional and Local Perspectives on a Drainage Basin\u201d na revista internacional Geosciences, da editora MDPI (Su\u00ed\u00e7a).<\/p>\n<p>Esta publica\u00e7\u00e3o por Carlos C\u00e9sar Jesus, colaborador da Nemus desde 2010, resultou do trabalho desenvolvido na sua tese de mestrado \u201cDeslizamentos na bacia hidrogr\u00e1fica do Rio Grande da Pipa (Portugal): perspetivas regional e local\u201d, realizada na Faculdade de Ci\u00eancias da Universidade de Lisboa.<\/p>\n<p>O estudo agora publicado aborda os fatores condicionantes e os fatores desencadeantes dos deslizamentos que ocorrem na bacia hidrogr\u00e1fica do Rio Grande da Pipa (regi\u00e3o da Arruda dos Vinhos), utilizando os eventos de movimentos de massa excecionais que ocorreram na regi\u00e3o durante o ano hidrol\u00f3gico de 2009\/10.<\/p>\n<p>Analisou-se o comportamento hidrodin\u00e2mico da bacia hidrogr\u00e1fica do Rio Grande da Pipa, atrav\u00e9s de um modelo de par\u00e2metros agregados do balan\u00e7o h\u00eddrico sequencial di\u00e1rio, para compreender a import\u00e2ncia deste comportamento na estabilidade das vertentes desta regi\u00e3o. Analisaram-se tamb\u00e9m as condi\u00e7\u00f5es morfol\u00f3gicas, geot\u00e9cnicas e hidrol\u00f3gicas locais que favorecem a instabilidade das vertentes, atrav\u00e9s de retroan\u00e1lises a dois deslizamentos selecionados.<\/p>\n<p>O estudo demonstra que o principal fator desencadeante dos deslizamentos ocorridos no ano hidrol\u00f3gico 2009\/10 foi a subida do n\u00edvel fre\u00e1tico, e que o grau de degrada\u00e7\u00e3o das caracter\u00edsticas geomec\u00e2nicas das margas da Abadia e a profundidade da camada alterada foram os principais fatores condicionantes para os deslizamentos. Conclui-se que ser\u00e3o estes mesmos fatores desencadeantes e condicionantes a interferir, de uma forma geral, nos deslizamentos que ocorrem anualmente nesta regi\u00e3o.<\/p>\n<p>O referido artigo pode ser descarregado aqui: <a href=\"http:\/\/www.mdpi.com\/2076-3263\/8\/1\/2\">http:\/\/www.mdpi.com\/2076-3263\/8\/1\/2<\/a> .<\/p>","protected":false},"excerpt":{"rendered":"<p>A Nemus congratula o colaborador Carlos C\u00e9sar Jesus pela recente publica\u00e7\u00e3o do artigo \u201cUnderstanding Constraints and Triggering Factors of Landslides: Regional and Local Perspectives on a Drainage Basin\u201d na revista internacional Geosciences, da editora MDPI (Su\u00ed\u00e7a). Esta publica\u00e7\u00e3o por Carlos &#8230;<\/p>\n","protected":false},"author":4,"featured_media":2909,"comment_status":"closed","ping_status":"open","sticky":false,"template":"","format":"standard","meta":{"_acf_changed":false,"footnotes":""},"categories":[26],"tags":[],"class_list":["post-2907","post","type-post","status-publish","format-standard","has-post-thumbnail","hentry","category-noticia"],"acf":[],"_links":{"self":[{"href":"https:\/\/www.nemus.pt\/pt\/wp-json\/wp\/v2\/posts\/2907","targetHints":{"allow":["GET"]}}],"collection":[{"href":"https:\/\/www.nemus.pt\/pt\/wp-json\/wp\/v2\/posts"}],"about":[{"href":"https:\/\/www.nemus.pt\/pt\/wp-json\/wp\/v2\/types\/post"}],"author":[{"embeddable":true,"href":"https:\/\/www.nemus.pt\/pt\/wp-json\/wp\/v2\/users\/4"}],"replies":[{"embeddable":true,"href":"https:\/\/www.nemus.pt\/pt\/wp-json\/wp\/v2\/comments?post=2907"}],"version-history":[{"count":0,"href":"https:\/\/www.nemus.pt\/pt\/wp-json\/wp\/v2\/posts\/2907\/revisions"}],"wp:featuredmedia":[{"embeddable":true,"href":"https:\/\/www.nemus.pt\/pt\/wp-json\/wp\/v2\/media\/2909"}],"wp:attachment":[{"href":"https:\/\/www.nemus.pt\/pt\/wp-json\/wp\/v2\/media?parent=2907"}],"wp:term":[{"taxonomy":"category","embeddable":true,"href":"https:\/\/www.nemus.pt\/pt\/wp-json\/wp\/v2\/categories?post=2907"},{"taxonomy":"post_tag","embeddable":true,"href":"https:\/\/www.nemus.pt\/pt\/wp-json\/wp\/v2\/tags?post=2907"}],"curies":[{"name":"wp","href":"https:\/\/api.w.org\/{rel}","templated":true}]}}