{"id":3014,"date":"2019-05-24T11:11:17","date_gmt":"2019-05-24T11:11:17","guid":{"rendered":"http:\/\/www.nemus.pt\/pt\/?p=3014"},"modified":"2022-07-27T06:38:48","modified_gmt":"2022-07-27T06:38:48","slug":"nemus-no-ix-congresso-sobre-planeamento-e-gestao-das-zonas-costeiras","status":"publish","type":"post","link":"https:\/\/www.nemus.pt\/pt\/nemus-no-ix-congresso-sobre-planeamento-e-gestao-das-zonas-costeiras\/","title":{"rendered":"Nemus no IX Congresso sobre Planeamento e Gest\u00e3o das Zonas Costeiras"},"content":{"rendered":"<p>A Nemus marcou presen\u00e7a no IX Congresso sobre Planeamento e Gest\u00e3o das Zonas Costeiras dos Pa\u00edses de Express\u00e3o Portuguesa, apresentando quatro comunica\u00e7\u00f5es relacionadas com o desenvolvimento sustent\u00e1vel das zonas costeiras. O evento teve como tema principal \u201cOs desafios para a pr\u00f3xima d\u00e9cada: monitoriza\u00e7\u00e3o e adapta\u00e7\u00e3o\u201d, decorreu entre os dias 14 a 16 de maio, no Instituto Superior T\u00e9cnico da Faculdade de Lisboa, e contou com a participa\u00e7\u00e3o de oradores dos diversos pa\u00edses de express\u00e3o portuguesa.<\/p>\n<p>Pedro Bettencourt, Diretor Geral da Nemus, foi respons\u00e1vel pelas comunica\u00e7\u00f5es sobre \u201cAltera\u00e7\u00f5es Clim\u00e1ticas e Sustentabilidade dos Sistemas Lagunares Costeiros\u201d e \u201cDragagens, Sedimentos e Avalia\u00e7\u00e3o de Impacte Ambiental\u201d. As restantes comunica\u00e7\u00f5es da Nemus foram apresentadas por C\u00e9sar Jesus, ge\u00f3logo, doutorado em Geoci\u00eancias, que apresentou a comunica\u00e7\u00e3o \u201cC\u00e9lulas Sedimentares como Unidades de Gest\u00e3o Costeira\u201d, e J\u00falia Metrass Mendes, arquiteta paisagista, que apresentou a comunica\u00e7\u00e3o \u201c\u00c1reas de Risco, Reconstru\u00e7\u00e3o de Praias e Gest\u00e3o do Litoral\u201d.<\/p>\n<p>A Nemus apresentou assim quatro comunica\u00e7\u00f5es com temas de grande atualidade e relev\u00e2ncia para o desenvolvimento sustent\u00e1vel das zonas costeiras e cumpriu o objetivo desta 9\u00aa Edi\u00e7\u00e3o do Congresso, que pretendia promover a partilha do conhecimento (e de solu\u00e7\u00f5es sustentadas) entre os diferentes <em>stakeholders<\/em> das zonas costeiras dos diversos pa\u00edses de express\u00e3o portuguesa.<\/p>\n<p>Mais informa\u00e7\u00f5es sobre o IX Congresso sobre Planeamento e Gest\u00e3o das Zonas Costeiras dos Pa\u00edses de Express\u00e3o Portuguesa podem ser consultadas <a href=\"http:\/\/www.aprh.pt\/ZonasCosteiras2019\/\" target=\"_blank\" rel=\"noopener\"><u>aqui<\/u><\/a>.<\/p>","protected":false},"excerpt":{"rendered":"<p>A Nemus marcou presen\u00e7a no IX Congresso sobre Planeamento e Gest\u00e3o das Zonas Costeiras dos Pa\u00edses de Express\u00e3o Portuguesa, apresentando quatro comunica\u00e7\u00f5es relacionadas com o desenvolvimento sustent\u00e1vel das zonas costeiras. O evento teve como tema principal \u201cOs desafios para a &#8230;<\/p>\n","protected":false},"author":4,"featured_media":3013,"comment_status":"closed","ping_status":"open","sticky":false,"template":"","format":"standard","meta":{"_acf_changed":false,"footnotes":""},"categories":[26],"tags":[],"class_list":["post-3014","post","type-post","status-publish","format-standard","has-post-thumbnail","hentry","category-noticia"],"acf":[],"_links":{"self":[{"href":"https:\/\/www.nemus.pt\/pt\/wp-json\/wp\/v2\/posts\/3014","targetHints":{"allow":["GET"]}}],"collection":[{"href":"https:\/\/www.nemus.pt\/pt\/wp-json\/wp\/v2\/posts"}],"about":[{"href":"https:\/\/www.nemus.pt\/pt\/wp-json\/wp\/v2\/types\/post"}],"author":[{"embeddable":true,"href":"https:\/\/www.nemus.pt\/pt\/wp-json\/wp\/v2\/users\/4"}],"replies":[{"embeddable":true,"href":"https:\/\/www.nemus.pt\/pt\/wp-json\/wp\/v2\/comments?post=3014"}],"version-history":[{"count":0,"href":"https:\/\/www.nemus.pt\/pt\/wp-json\/wp\/v2\/posts\/3014\/revisions"}],"wp:featuredmedia":[{"embeddable":true,"href":"https:\/\/www.nemus.pt\/pt\/wp-json\/wp\/v2\/media\/3013"}],"wp:attachment":[{"href":"https:\/\/www.nemus.pt\/pt\/wp-json\/wp\/v2\/media?parent=3014"}],"wp:term":[{"taxonomy":"category","embeddable":true,"href":"https:\/\/www.nemus.pt\/pt\/wp-json\/wp\/v2\/categories?post=3014"},{"taxonomy":"post_tag","embeddable":true,"href":"https:\/\/www.nemus.pt\/pt\/wp-json\/wp\/v2\/tags?post=3014"}],"curies":[{"name":"wp","href":"https:\/\/api.w.org\/{rel}","templated":true}]}}