{"id":3031,"date":"2020-01-29T11:33:47","date_gmt":"2020-01-29T11:33:47","guid":{"rendered":"http:\/\/www.nemus.pt\/pt\/?p=3031"},"modified":"2022-07-27T06:38:48","modified_gmt":"2022-07-27T06:38:48","slug":"nemus-co-organiza-workshop-em-joanesburgo-no-ambito-do-programa-de-reducao-de-risco-de-desastres-da-sadc","status":"publish","type":"post","link":"https:\/\/www.nemus.pt\/pt\/nemus-co-organiza-workshop-em-joanesburgo-no-ambito-do-programa-de-reducao-de-risco-de-desastres-da-sadc\/","title":{"rendered":"Nemus co-organiza workshop em Joanesburgo no \u00e2mbito do Programa de Redu\u00e7\u00e3o de Risco de Desastres da SADC"},"content":{"rendered":"<p>Durante a semana de 20 a 24 de janeiro de 2020 realizou-se em Joanesburgo um workshop para apresenta\u00e7\u00e3o e discuss\u00e3o dos projetos lan\u00e7ados no \u00e2mbito do Programa da SADC (Comunidade para o Desenvolvimento da \u00c1frica Austral) \u201cRefor\u00e7ar a coordena\u00e7\u00e3o e capacidade de assessoria da SADC e a colabora\u00e7\u00e3o em investiga\u00e7\u00e3o relacionada com as pol\u00edticas de redu\u00e7\u00e3o de risco de desastres (DRR) no sul de \u00c1frica\u201d. A organiza\u00e7\u00e3o t\u00e9cnica do workshop foi assegurada pela Nemus e pela SRK Consulting, as duas empresas respons\u00e1veis pelos quatro projetos que est\u00e3o atualmente a ser desenvolvidos neste \u00e2mbito.<\/p>\n<p>Estiveram presentes no workshop representantes de 14 Estados-Membros da SADC: Angola, \u00c1frica do Sul, Botsuana, Comores, Essuat\u00edni, Lesoto, Madag\u00e1scar, Malawi, Maur\u00edcias, Nam\u00edbia, R\u00e9publica Democr\u00e1tica do Congo, Tanz\u00e2nia, Z\u00e2mbia e Zimbabwe. Participaram tamb\u00e9m membros da SADC, da Organiza\u00e7\u00e3o Internacional de Migra\u00e7\u00e3o, da FAO, da Federa\u00e7\u00e3o Internacional das Sociedades da Cruz Vermelha, do Fundo de Popula\u00e7\u00e3o das Na\u00e7\u00f5es Unidas (UNFPA), da OXFAM, do Departamento de Governan\u00e7a Cooperativa e Assuntos Tradicionais de \u00c1frica do Sul e do Banco Mundial.<\/p>\n<p>Ao todo o workshop contou com a presen\u00e7a de mais de 60 especialistas em redu\u00e7\u00e3o de risco de desastres. A Nemus participou com uma equipa de quatro colaboradores que esteve diretamente envolvida na dinamiza\u00e7\u00e3o de sess\u00f5es plen\u00e1rias e sess\u00f5es de grupo.<\/p>\n<p>Nas sess\u00f5es plen\u00e1rias foram apresentados os objetivos dos diferentes trabalhos, revistas as pol\u00edticas de redu\u00e7\u00e3o de risco de desastre atualmente implementadas pelos Estados-Membros e discutido o envolvimento dos Estados-Membros na \u201cpeer review\u201d (avalia\u00e7\u00e3o pelos pares), que constitui um dos trabalhos da Nemus. Para al\u00e9m de apresentar os dois projetos que est\u00e1 a desenvolver, a Nemus conduziu as sess\u00f5es de apresenta\u00e7\u00e3o dos Estados-Membros sobre as suas pol\u00edticas de redu\u00e7\u00e3o de risco de desastre.<\/p>\n<p>Nas sess\u00f5es de grupo, a Nemus preparou e dinamizou a sess\u00e3o \u201cPolicy, Legal and Institutional Frameworks, Fund arrangements\u201d e a sess\u00e3o \u201cICT\/IKMS\/Data management &amp; info sharing\u201d (ambas direcionadas aos projetos que est\u00e1 a desenvolver). As sess\u00f5es de grupo pretenderam debater quest\u00f5es em particular e recolher uma opini\u00e3o mais aprofundada dos pa\u00edses.<\/p>","protected":false},"excerpt":{"rendered":"<p>Durante a semana de 20 a 24 de janeiro de 2020 realizou-se em Joanesburgo um workshop para apresenta\u00e7\u00e3o e discuss\u00e3o dos projetos lan\u00e7ados no \u00e2mbito do Programa da SADC (Comunidade para o Desenvolvimento da \u00c1frica Austral) \u201cRefor\u00e7ar a coordena\u00e7\u00e3o e &#8230;<\/p>\n","protected":false},"author":4,"featured_media":3029,"comment_status":"closed","ping_status":"open","sticky":false,"template":"","format":"standard","meta":{"_acf_changed":false,"footnotes":""},"categories":[26],"tags":[],"class_list":["post-3031","post","type-post","status-publish","format-standard","has-post-thumbnail","hentry","category-noticia"],"acf":[],"_links":{"self":[{"href":"https:\/\/www.nemus.pt\/pt\/wp-json\/wp\/v2\/posts\/3031","targetHints":{"allow":["GET"]}}],"collection":[{"href":"https:\/\/www.nemus.pt\/pt\/wp-json\/wp\/v2\/posts"}],"about":[{"href":"https:\/\/www.nemus.pt\/pt\/wp-json\/wp\/v2\/types\/post"}],"author":[{"embeddable":true,"href":"https:\/\/www.nemus.pt\/pt\/wp-json\/wp\/v2\/users\/4"}],"replies":[{"embeddable":true,"href":"https:\/\/www.nemus.pt\/pt\/wp-json\/wp\/v2\/comments?post=3031"}],"version-history":[{"count":0,"href":"https:\/\/www.nemus.pt\/pt\/wp-json\/wp\/v2\/posts\/3031\/revisions"}],"wp:featuredmedia":[{"embeddable":true,"href":"https:\/\/www.nemus.pt\/pt\/wp-json\/wp\/v2\/media\/3029"}],"wp:attachment":[{"href":"https:\/\/www.nemus.pt\/pt\/wp-json\/wp\/v2\/media?parent=3031"}],"wp:term":[{"taxonomy":"category","embeddable":true,"href":"https:\/\/www.nemus.pt\/pt\/wp-json\/wp\/v2\/categories?post=3031"},{"taxonomy":"post_tag","embeddable":true,"href":"https:\/\/www.nemus.pt\/pt\/wp-json\/wp\/v2\/tags?post=3031"}],"curies":[{"name":"wp","href":"https:\/\/api.w.org\/{rel}","templated":true}]}}