{"id":3114,"date":"2020-09-21T13:13:32","date_gmt":"2020-09-21T13:13:32","guid":{"rendered":"https:\/\/www.nemus.pt\/pt\/?p=3114"},"modified":"2024-04-16T00:51:46","modified_gmt":"2024-04-16T00:51:46","slug":"projeto-de-impactos-cumulativos-arranca-em-mocambique","status":"publish","type":"post","link":"https:\/\/www.nemus.pt\/pt\/projeto-de-impactos-cumulativos-arranca-em-mocambique\/","title":{"rendered":"Projeto de Impactos Cumulativos arranca em Mo\u00e7ambique"},"content":{"rendered":"<p>A NEMUS ganhou mais um projeto em Mo\u00e7ambique financiado pelo Banco Mundial. O projeto implica a avalia\u00e7\u00e3o dos Impactos Cumulativos da Ind\u00fastria Extrativa na Prov\u00edncia de Tete, para o Minist\u00e9rio de Recursos Minerais e Energia de Mo\u00e7ambique (MIREME), atrav\u00e9s do seu Projeto de Assist\u00eancia T\u00e9cnica \u00e0 Minera\u00e7\u00e3o e G\u00e1s Natural (MAGTAP).<\/p>\n<p>Os principais objetivos do projeto englobam a avalia\u00e7\u00e3o dos efeitos e impactos cumulativos dos projetos extrativos existentes e previstos na Prov\u00edncia, tendo em considera\u00e7\u00e3o fatores ambientais e sociais espec\u00edficos, e a formula\u00e7\u00e3o de recomenda\u00e7\u00f5es para medidas de gest\u00e3o e monitoriza\u00e7\u00e3o dos impactos, de modo a melhorar o futuro planeamento e desenvolvimento sustent\u00e1vel da regi\u00e3o.<\/p>\n<p>A NEMUS vai focar a avalia\u00e7\u00e3o dos fatores ambientais e sociais nos seguintes elementos: emprego, restri\u00e7\u00f5es de uso do solo, servi\u00e7os p\u00fablicos, vegeta\u00e7\u00e3o, fauna terrestre, qualidade dos recursos h\u00eddricos superficiais, qualidade dos recursos h\u00eddricos subterr\u00e2neos e qualidade do ar. A participa\u00e7\u00e3o da comunidade local tem, como sempre, uma import\u00e2ncia muito elevada neste tipo de an\u00e1lise e, como tal, a NEMUS ir\u00e1 assegurar a exist\u00eancia de workshops com atores-chave e membros da comunidade relevantes, consultas p\u00fablicas locais, reuni\u00f5es e semin\u00e1rios.<\/p>\n<p>Com a finaliza\u00e7\u00e3o desta avalia\u00e7\u00e3o, a NEMUS estar\u00e1 a aproximar-se do seu trig\u00e9simo projeto no pa\u00eds.<\/p>","protected":false},"excerpt":{"rendered":"<p>A NEMUS ganhou mais um projeto em Mo\u00e7ambique financiado pelo Banco Mundial. O projeto implica a avalia\u00e7\u00e3o dos Impactos Cumulativos da Ind\u00fastria Extrativa na Prov\u00edncia de Tete, para o Minist\u00e9rio de Recursos Minerais e Energia de Mo\u00e7ambique (MIREME), atrav\u00e9s do &#8230;<\/p>\n","protected":false},"author":4,"featured_media":3117,"comment_status":"closed","ping_status":"open","sticky":false,"template":"","format":"standard","meta":{"_acf_changed":false,"footnotes":""},"categories":[26],"tags":[],"class_list":["post-3114","post","type-post","status-publish","format-standard","has-post-thumbnail","hentry","category-noticia"],"acf":[],"_links":{"self":[{"href":"https:\/\/www.nemus.pt\/pt\/wp-json\/wp\/v2\/posts\/3114","targetHints":{"allow":["GET"]}}],"collection":[{"href":"https:\/\/www.nemus.pt\/pt\/wp-json\/wp\/v2\/posts"}],"about":[{"href":"https:\/\/www.nemus.pt\/pt\/wp-json\/wp\/v2\/types\/post"}],"author":[{"embeddable":true,"href":"https:\/\/www.nemus.pt\/pt\/wp-json\/wp\/v2\/users\/4"}],"replies":[{"embeddable":true,"href":"https:\/\/www.nemus.pt\/pt\/wp-json\/wp\/v2\/comments?post=3114"}],"version-history":[{"count":0,"href":"https:\/\/www.nemus.pt\/pt\/wp-json\/wp\/v2\/posts\/3114\/revisions"}],"wp:featuredmedia":[{"embeddable":true,"href":"https:\/\/www.nemus.pt\/pt\/wp-json\/wp\/v2\/media\/3117"}],"wp:attachment":[{"href":"https:\/\/www.nemus.pt\/pt\/wp-json\/wp\/v2\/media?parent=3114"}],"wp:term":[{"taxonomy":"category","embeddable":true,"href":"https:\/\/www.nemus.pt\/pt\/wp-json\/wp\/v2\/categories?post=3114"},{"taxonomy":"post_tag","embeddable":true,"href":"https:\/\/www.nemus.pt\/pt\/wp-json\/wp\/v2\/tags?post=3114"}],"curies":[{"name":"wp","href":"https:\/\/api.w.org\/{rel}","templated":true}]}}